{"id":11601,"date":"2015-03-18T17:54:31","date_gmt":"2015-03-18T17:54:31","guid":{"rendered":"https:\/\/www.echlorial.fr\/blog\/tonen-och-allergierna-ar-forsvagade\/"},"modified":"2015-03-18T17:54:31","modified_gmt":"2015-03-18T17:54:31","slug":"tonen-och-allergierna-ar-forsvagade","status":"publish","type":"post","link":"https:\/\/www.echlorial.se\/blog\/tonen-och-allergierna-ar-forsvagade\/","title":{"rendered":"F\u00f6rnyad energi och f\u00e4rre allergier"},"content":{"rendered":"\n<p>Med Chlorella f\u00f6rb\u00e4ttrade jag min s\u00f6mnkvalitet, kom i form igen och framf\u00f6r allt minskade mina allergier<\/p>\n\n\n\n<p>S\u00e5 snart jag b\u00f6rjade \u00e4ta Chlorella f\u00f6rb\u00e4ttrades min s\u00f6mnkvalitet och jag k\u00e4nde mig piggare p\u00e5 dagarna.<\/p>\n\n\n\n<p>Jag tr\u00e4ffade min allergil\u00e4kare igen f\u00f6rra veckan, ett och ett halvt \u00e5r efter mitt senaste bes\u00f6k. Efter att ha utf\u00f6rt sitt testbatteri r\u00e5dde han mig till min stora f\u00f6rv\u00e5ning att minska dosen kortikosteroider.<br>Jag \u00e4r skyldig dig dessa f\u00e5 rader, eftersom jag b\u00f6rjade ta chlorella regelbundet efter att ha h\u00f6rt din presentation. Det var argumentet om att minska inflammatoriska fenomen som f\u00e5ngade min uppm\u00e4rksamhet.<\/p>\n\n\n\n<p>Jag har i \u00e5ratal pl\u00e5gats av kronisk bronkit, med alla de symtom som f\u00f6ljer med den: en ih\u00e5llande hackande hosta, och beroende p\u00e5 \u00e5rstid, andningsinsufficiens, astma och h\u00f6g k\u00e4nslighet f\u00f6r infektioner med antibiotika. Tidigare upptr\u00e4dde dessa symtom bara under pollens\u00e4songen, men nu har de gradvis spridit sig \u00f6ver hela \u00e5ret.<br>Vid 58 \u00e5rs \u00e5lder k\u00e4nde jag att jag inte hade n\u00e5got andrum, och ibland undrade jag hur l\u00e5ngt sjukdomsf\u00f6rv\u00e4rringen skulle ta mig!<\/p>\n\n\n\n<p>Traditionell medicin hj\u00e4lpte verkligen till. Under \u00e5rens lopp genomgick jag tv\u00e5 desensibiliseringsbehandlingar, en genom injektion och den andra oralt, vilket kraftigt minskade tecknen p\u00e5 min gr\u00e4spollenallergi. N\u00e4r bronkiten sedan f\u00f6rv\u00e4rrades var jag tvungen att g\u00e5 med p\u00e5 att ta olika former av kortikosteroider f\u00f6r inandning. F\u00f6r ett och ett halvt \u00e5r sedan r\u00e5dde min allergil\u00e4kare mig, p\u00e5 grundval av resultaten av hans testbatteri, att dubbla dosen och jag f\u00f6ljde hans r\u00e5d.<br>Jag b\u00f6rjade ta chlorella i juli f\u00f6rra \u00e5ret, f\u00f6r 10 m\u00e5nader sedan. Till en b\u00f6rjan tog jag 10 Echlorial-tabletter p\u00e5 morgonen p\u00e5 fastande mage. Jag m\u00e4rkte inte n\u00e5gon s\u00e4rskild f\u00f6rb\u00e4ttring av de kriterier jag var intresserad av. Men s\u00f6mnkvaliteten f\u00f6rb\u00e4ttrades och jag k\u00e4nde mig b\u00e4ttre under dagen.<\/p>\n\n\n\n<p>F\u00f6rra h\u00f6sten var inte bra: tre p\u00e5 varandra f\u00f6ljande infektioner som botades med tre antibiotikakurer, och januari s\u00e5g inte ut att bli annorlunda n\u00e4r jag ins\u00e5g att jag beh\u00f6vde behandla den bih\u00e5leinflammation som l\u00e5g bakom bronkialinfektionen. P\u00e5 inr\u00e5dan av en l\u00e4karv\u00e4n gjorde jag detta p\u00e5 ett enkelt s\u00e4tt genom nasal instillation av 1% saltvatten (fysiologisk v\u00e4tska) och ett svavelderivat. F\u00f6r f\u00f6rsta g\u00e5ngen kunde jag sl\u00e5 en infektion utan hj\u00e4lp av antibiotika. Chlorella verkade fungera!<\/p>\n\n\n\n<p>Under hela den period som f\u00f6ljde f\u00f6rs\u00f6kte jag optimera intaget av mikroalger. Jag uppt\u00e4ckte att de kunde tas p\u00e5 fastande mage p\u00e5 morgonen, eller en, tv\u00e5 eller tre g\u00e5nger under dagen, eller f\u00f6re, under eller efter m\u00e5ltider. Det spelade ingen roll, resultatet blev detsamma. Jag har ocks\u00e5 lekt med m\u00e4ngderna och tar nu 5 tabletter tre g\u00e5nger om dagen efter m\u00e5ltiderna, totalt 15 tabletter eller 4,5 gram om dagen.<\/p>\n\n\n\n<p>Jag tr\u00e4ffade min allergil\u00e4kare igen f\u00f6rra veckan, ett och ett halvt \u00e5r efter mitt senaste bes\u00f6k. Efter att ha utf\u00f6rt sitt testbatteri r\u00e5dde han mig till min stora f\u00f6rv\u00e5ning att minska dosen kortikosteroider. Jag t\u00e4nkte inte p\u00e5 t\u00e5ngens egenskaper vid den tidpunkten och gl\u00f6mde att f\u00f6rklara mitt beslut. Men jag m\u00e5ste erk\u00e4nna att jag m\u00e5r b\u00e4ttre. Jag har till och med \u00e5terupptagit mina joggingrundor, som jag f\u00f6r n\u00e5gra \u00e5r sedan ersatte med promenader. Nu v\u00e4ntar jag p\u00e5 att pollineringsperioden f\u00f6r gr\u00e4set ska komma och f\u00f6rbereder mig f\u00f6r att vid behov \u00f6ka dosen ytterligare under dessa 3-4 veckor, som \u00e4r de sv\u00e5raste f\u00f6r mig.<\/p>\n\n\n\n<p>Jag hoppas att detta vittnesm\u00e5l kommer att vara till nytta f\u00f6r andra personer som upplever samma problem. Ytterligare ett r\u00e5d till dem: ge inte upp att ta chlorella om det inte fungerar direkt, utan f\u00f6rs\u00f6k att optimera som jag gjorde. Det \u00e4r inte ett l\u00e4kemedel, det \u00e4r en v\u00e4xt, ett livsmedel som helt enkelt har speciella egenskaper. Det botar inte, men det lindrar.<\/p>\n\n\n\n<p>Ut\u00f6ver den rekommenderade dosen p\u00e5 3 gram per dag f\u00f6r vuxna m\u00e5ste varje person anpassa den till sitt eget speciella fall. Och om Echlorial fungerar f\u00f6r bronkit, hur \u00e4r det med andra inflammatoriska sjukdomar?<\/p>\n","protected":false},"excerpt":{"rendered":"<p>Med Chlorella f\u00f6rb\u00e4ttrade jag min s\u00f6mnkvalitet, kom i form igen och framf\u00f6r allt minskade mina allergier S\u00e5 snart jag b\u00f6rjade \u00e4ta Chlorella f\u00f6rb\u00e4ttrades min s\u00f6mnkvalitet och jag k\u00e4nde mig piggare p\u00e5 dagarna. Jag tr\u00e4ffade min allergil\u00e4kare igen f\u00f6rra veckan, ett och ett halvt \u00e5r efter mitt senaste bes\u00f6k. Efter att ha utf\u00f6rt sitt testbatteri r\u00e5dde [&hellip;]<\/p>\n","protected":false},"author":1,"featured_media":0,"comment_status":"open","ping_status":"open","sticky":false,"template":"","format":"standard","meta":[],"categories":[682,680,676],"tags":[],"acf":[],"yoast_head":"<!-- This site is optimized with the Yoast SEO plugin v19.7.1 - https:\/\/yoast.com\/wordpress\/plugins\/seo\/ -->\n<title>F\u00f6rnyad energi och f\u00e4rre allergier<\/title>\n<meta name=\"robots\" content=\"index, follow, max-snippet:-1, max-image-preview:large, max-video-preview:-1\" \/>\n<link rel=\"canonical\" href=\"https:\/\/www.echlorial.se\/blog\/tonen-och-allergierna-ar-forsvagade\/\" \/>\n<meta property=\"og:locale\" content=\"sv_SE\" \/>\n<meta property=\"og:type\" content=\"article\" \/>\n<meta property=\"og:title\" content=\"F\u00f6rnyad energi och f\u00e4rre allergier\" \/>\n<meta property=\"og:description\" content=\"Med Chlorella f\u00f6rb\u00e4ttrade jag min s\u00f6mnkvalitet, kom i form igen och framf\u00f6r allt minskade mina allergier S\u00e5 snart jag b\u00f6rjade \u00e4ta Chlorella f\u00f6rb\u00e4ttrades min s\u00f6mnkvalitet och jag k\u00e4nde mig piggare p\u00e5 dagarna. Jag tr\u00e4ffade min allergil\u00e4kare igen f\u00f6rra veckan, ett och ett halvt \u00e5r efter mitt senaste bes\u00f6k. Efter att ha utf\u00f6rt sitt testbatteri r\u00e5dde [&hellip;]\" \/>\n<meta property=\"og:url\" content=\"https:\/\/www.echlorial.se\/blog\/tonen-och-allergierna-ar-forsvagade\/\" \/>\n<meta property=\"og:site_name\" content=\"eChlorial\" \/>\n<meta property=\"article:published_time\" content=\"2015-03-18T17:54:31+00:00\" \/>\n<meta name=\"author\" content=\"admin_echlorial\" \/>\n<meta name=\"twitter:label1\" content=\"Skriven av\" \/>\n\t<meta name=\"twitter:data1\" content=\"admin_echlorial\" \/>\n\t<meta name=\"twitter:label2\" content=\"Ber\u00e4knad l\u00e4stid\" \/>\n\t<meta name=\"twitter:data2\" content=\"4 minuter\" \/>\n<script type=\"application\/ld+json\" class=\"yoast-schema-graph\">{\"@context\":\"https:\/\/schema.org\",\"@graph\":[{\"@type\":\"WebPage\",\"@id\":\"https:\/\/www.echlorial.se\/blog\/tonen-och-allergierna-ar-forsvagade\/\",\"url\":\"https:\/\/www.echlorial.se\/blog\/tonen-och-allergierna-ar-forsvagade\/\",\"name\":\"F\u00f6rnyad energi och f\u00e4rre allergier\",\"isPartOf\":{\"@id\":\"https:\/\/www.echlorial.com\/blog\/#website\"},\"datePublished\":\"2015-03-18T17:54:31+00:00\",\"dateModified\":\"2015-03-18T17:54:31+00:00\",\"author\":{\"@id\":\"https:\/\/www.echlorial.com\/blog\/#\/schema\/person\/0e76c63d04141dd4ae797ce19887e7a6\"},\"breadcrumb\":{\"@id\":\"https:\/\/www.echlorial.se\/blog\/tonen-och-allergierna-ar-forsvagade\/#breadcrumb\"},\"inLanguage\":\"sv-SE\",\"potentialAction\":[{\"@type\":\"ReadAction\",\"target\":[\"https:\/\/www.echlorial.se\/blog\/tonen-och-allergierna-ar-forsvagade\/\"]}]},{\"@type\":\"BreadcrumbList\",\"@id\":\"https:\/\/www.echlorial.se\/blog\/tonen-och-allergierna-ar-forsvagade\/#breadcrumb\",\"itemListElement\":[{\"@type\":\"ListItem\",\"position\":1,\"name\":\"Hem\",\"item\":\"https:\/\/www.echlorial.se\/\"},{\"@type\":\"ListItem\",\"position\":2,\"name\":\"Vittnesm\u00e5l\",\"item\":\"https:\/\/www.echlorial.se\/blog\/category\/temoignages-sv\/\"},{\"@type\":\"ListItem\",\"position\":3,\"name\":\"Andning\",\"item\":\"https:\/\/www.echlorial.se\/blog\/category\/temoignages-sv\/astma\/\"},{\"@type\":\"ListItem\",\"position\":4,\"name\":\"F\u00f6rnyad energi och f\u00e4rre allergier\"}]},{\"@type\":\"WebSite\",\"@id\":\"https:\/\/www.echlorial.com\/blog\/#website\",\"url\":\"https:\/\/www.echlorial.com\/blog\/\",\"name\":\"eChlorial\",\"description\":\"Chlorella extra pure cultiv\u00e9e sous tube de verre en Allemagne\",\"potentialAction\":[{\"@type\":\"SearchAction\",\"target\":{\"@type\":\"EntryPoint\",\"urlTemplate\":\"https:\/\/www.echlorial.com\/blog\/?s={search_term_string}\"},\"query-input\":\"required name=search_term_string\"}],\"inLanguage\":\"sv-SE\"},{\"@type\":\"Person\",\"@id\":\"https:\/\/www.echlorial.com\/blog\/#\/schema\/person\/0e76c63d04141dd4ae797ce19887e7a6\",\"name\":\"admin_echlorial\",\"sameAs\":[\"http:\/\/www.echlorial.fr\"],\"url\":\"https:\/\/www.echlorial.se\/blog\/author\/admin_echlorial\/\"}]}<\/script>\n<!-- \/ Yoast SEO plugin. -->","yoast_head_json":{"title":"F\u00f6rnyad energi och f\u00e4rre allergier","robots":{"index":"index","follow":"follow","max-snippet":"max-snippet:-1","max-image-preview":"max-image-preview:large","max-video-preview":"max-video-preview:-1"},"canonical":"https:\/\/www.echlorial.se\/blog\/tonen-och-allergierna-ar-forsvagade\/","og_locale":"sv_SE","og_type":"article","og_title":"F\u00f6rnyad energi och f\u00e4rre allergier","og_description":"Med Chlorella f\u00f6rb\u00e4ttrade jag min s\u00f6mnkvalitet, kom i form igen och framf\u00f6r allt minskade mina allergier S\u00e5 snart jag b\u00f6rjade \u00e4ta Chlorella f\u00f6rb\u00e4ttrades min s\u00f6mnkvalitet och jag k\u00e4nde mig piggare p\u00e5 dagarna. Jag tr\u00e4ffade min allergil\u00e4kare igen f\u00f6rra veckan, ett och ett halvt \u00e5r efter mitt senaste bes\u00f6k. Efter att ha utf\u00f6rt sitt testbatteri r\u00e5dde [&hellip;]","og_url":"https:\/\/www.echlorial.se\/blog\/tonen-och-allergierna-ar-forsvagade\/","og_site_name":"eChlorial","article_published_time":"2015-03-18T17:54:31+00:00","author":"admin_echlorial","twitter_misc":{"Skriven av":"admin_echlorial","Ber\u00e4knad l\u00e4stid":"4 minuter"},"schema":{"@context":"https:\/\/schema.org","@graph":[{"@type":"WebPage","@id":"https:\/\/www.echlorial.se\/blog\/tonen-och-allergierna-ar-forsvagade\/","url":"https:\/\/www.echlorial.se\/blog\/tonen-och-allergierna-ar-forsvagade\/","name":"F\u00f6rnyad energi och f\u00e4rre allergier","isPartOf":{"@id":"https:\/\/www.echlorial.com\/blog\/#website"},"datePublished":"2015-03-18T17:54:31+00:00","dateModified":"2015-03-18T17:54:31+00:00","author":{"@id":"https:\/\/www.echlorial.com\/blog\/#\/schema\/person\/0e76c63d04141dd4ae797ce19887e7a6"},"breadcrumb":{"@id":"https:\/\/www.echlorial.se\/blog\/tonen-och-allergierna-ar-forsvagade\/#breadcrumb"},"inLanguage":"sv-SE","potentialAction":[{"@type":"ReadAction","target":["https:\/\/www.echlorial.se\/blog\/tonen-och-allergierna-ar-forsvagade\/"]}]},{"@type":"BreadcrumbList","@id":"https:\/\/www.echlorial.se\/blog\/tonen-och-allergierna-ar-forsvagade\/#breadcrumb","itemListElement":[{"@type":"ListItem","position":1,"name":"Hem","item":"https:\/\/www.echlorial.se\/"},{"@type":"ListItem","position":2,"name":"Vittnesm\u00e5l","item":"https:\/\/www.echlorial.se\/blog\/category\/temoignages-sv\/"},{"@type":"ListItem","position":3,"name":"Andning","item":"https:\/\/www.echlorial.se\/blog\/category\/temoignages-sv\/astma\/"},{"@type":"ListItem","position":4,"name":"F\u00f6rnyad energi och f\u00e4rre allergier"}]},{"@type":"WebSite","@id":"https:\/\/www.echlorial.com\/blog\/#website","url":"https:\/\/www.echlorial.com\/blog\/","name":"eChlorial","description":"Chlorella extra pure cultiv\u00e9e sous tube de verre en Allemagne","potentialAction":[{"@type":"SearchAction","target":{"@type":"EntryPoint","urlTemplate":"https:\/\/www.echlorial.com\/blog\/?s={search_term_string}"},"query-input":"required name=search_term_string"}],"inLanguage":"sv-SE"},{"@type":"Person","@id":"https:\/\/www.echlorial.com\/blog\/#\/schema\/person\/0e76c63d04141dd4ae797ce19887e7a6","name":"admin_echlorial","sameAs":["http:\/\/www.echlorial.fr"],"url":"https:\/\/www.echlorial.se\/blog\/author\/admin_echlorial\/"}]}},"_links":{"self":[{"href":"https:\/\/www.echlorial.se\/blog\/wp-json\/wp\/v2\/posts\/11601"}],"collection":[{"href":"https:\/\/www.echlorial.se\/blog\/wp-json\/wp\/v2\/posts"}],"about":[{"href":"https:\/\/www.echlorial.se\/blog\/wp-json\/wp\/v2\/types\/post"}],"author":[{"embeddable":true,"href":"https:\/\/www.echlorial.se\/blog\/wp-json\/wp\/v2\/users\/1"}],"replies":[{"embeddable":true,"href":"https:\/\/www.echlorial.se\/blog\/wp-json\/wp\/v2\/comments?post=11601"}],"version-history":[{"count":0,"href":"https:\/\/www.echlorial.se\/blog\/wp-json\/wp\/v2\/posts\/11601\/revisions"}],"wp:attachment":[{"href":"https:\/\/www.echlorial.se\/blog\/wp-json\/wp\/v2\/media?parent=11601"}],"wp:term":[{"taxonomy":"category","embeddable":true,"href":"https:\/\/www.echlorial.se\/blog\/wp-json\/wp\/v2\/categories?post=11601"},{"taxonomy":"post_tag","embeddable":true,"href":"https:\/\/www.echlorial.se\/blog\/wp-json\/wp\/v2\/tags?post=11601"}],"curies":[{"name":"wp","href":"https:\/\/api.w.org\/{rel}","templated":true}]}}