{"id":11602,"date":"2015-03-18T18:06:26","date_gmt":"2015-03-18T18:06:26","guid":{"rendered":"https:\/\/www.echlorial.fr\/blog\/undvika-besvaren-med-mina-allergier\/"},"modified":"2015-03-18T18:06:26","modified_gmt":"2015-03-18T18:06:26","slug":"undvika-besvaren-med-mina-allergier","status":"publish","type":"post","link":"https:\/\/www.echlorial.se\/blog\/undvika-besvaren-med-mina-allergier\/","title":{"rendered":"Undvika besv\u00e4ren med mina allergier"},"content":{"rendered":"<p>Med hj\u00e4lp av Chlorella och utan att ta n\u00e5gra mediciner har jag praktiskt taget kunnat undvika de fysiska problem som \u00e4r f\u00f6rknippade med mina allergier. Dessutom hade den rena Chlorella jag tog en verkligt gynnsam effekt p\u00e5 b\u00e5de min kropp och mitt sinne.<\/p>\n<p>\u00c5r 2005 var jag i ett skede av mitt liv d\u00e5 jag hade best\u00e4mt mig f\u00f6r att ta b\u00e4ttre kontroll \u00f6ver min kost och eliminera en hel del animaliska proteiner. S\u00e5 jag letade efter proteiners\u00e4ttningar. Eftersom jag k\u00e4nde till t\u00e5ngens n\u00e4ringsm\u00e4ssiga f\u00f6rdelar best\u00e4mde jag mig f\u00f6r att anv\u00e4nda chlorella. Bara f\u00f6r att se&#8230; Dessutom drabbades jag varje \u00e5r av ganska irriterande v\u00e5rallergier. S\u00e5 jag t\u00e4nkte att jag kanske kunde sl\u00e5 tv\u00e5 flugor i en sm\u00e4ll med chlorella, eftersom n\u00e5gra av mina v\u00e4nner pratade entusiastiskt om det. Det var i mars 2005.<br \/>\nTill en b\u00f6rjan k\u00e4nde jag inte s\u00e5 mycket. En m\u00e5nad senare ins\u00e5g jag att mina allergier visserligen fortfarande fanns kvar, men att de var mycket lindrigare \u00e4n \u00e5ret innan. S\u00e5 mycket att jag best\u00e4mde mig f\u00f6r att inte ta n\u00e5gra av de vanliga medicinerna (antihistaminer) f\u00f6r att undvika att f\u00e5 i mig kemiska produkter.<\/p>\n<p>Inte nog med att de fysiska besv\u00e4ren (kliande \u00f6gon, halsont, rinnande eller t\u00e4ppt n\u00e4sa under l\u00e5nga dagar, intensiv tr\u00f6tthet) var mycket mer uth\u00e4rdliga, de varade inte heller lika l\u00e4nge. Jag blev mycket f\u00f6rv\u00e5nad. Och jag gjorde inte kopplingen till chlorella f\u00f6rr\u00e4n flera veckor efter allergiperiodens slut, n\u00e4r jag hittade min l\u00e5da med mediciner, som jag k\u00f6pt i f\u00f6rebyggande syfte, oanv\u00e4nd.<br \/>\n\u00c5ret d\u00e4rp\u00e5, 2006, gjorde jag en chlorellakur och b\u00f6rjade 1 m\u00e5nad innan den vanliga allergiperioden b\u00f6rjade och minskade det intensiva intaget 1 m\u00e5nad efter\u00e5t. Utan att ta n\u00e5gra mediciner kunde jag i stort sett undvika de fysiska besv\u00e4ren i samband med mina allergier.<\/p>\n<p>N\u00e4r jag b\u00f6rjade ta chlorella igen i b\u00f6rjan av 2007 kunde jag tydligt k\u00e4nna av de positiva effekterna. Efter att ha tagit det i n\u00e5gra dagar k\u00e4nde jag mig mer vaken, mer alert, lugnare, mer samlad och mer balanserad i mitt f\u00f6rh\u00e5llande till mat. Till en b\u00f6rjan m\u00e4rkte jag dessa trevliga effekter, men jag kunde inte fastst\u00e4lla orsaken. Efter att ha funderat \u00f6ver mitt beteende p\u00e5 senare tid kom jag fram till att den enda m\u00e4rkbara f\u00f6r\u00e4ndringen var att jag \u00e5terupptog mina dagliga &#8221;doser&#8221; av chlorella.<br \/>\nSedan slutade jag att ta dagliga doser av chlorella. Av lathet och slut i lager.<\/p>\n<p>Min personliga erfarenhet p\u00e5verkades inte av n\u00e5gon bok, medicinsk eller vetenskaplig diskurs eller reklam. Helt enkelt f\u00f6r att jag inte har gjort n\u00e5gon forskning eller l\u00e4st n\u00e5got om dessa alger.<\/p>\n<p>Jag var skeptisk till en b\u00f6rjan och ville sj\u00e4lv se effekterna av dessa alger. Jag kom till f\u00f6ljande slutsats: den rena chlorella jag tog hade en verkligt gynnsam effekt p\u00e5 min kropp och \u00e4ven p\u00e5 mitt sinne.<br \/>\nJag rekommenderar starkt chlorella f\u00f6r alla som vill leva ett enklare och mer balanserat liv utan att systematiskt anv\u00e4nda kemiska droger. Jag vill dock inte p\u00e5st\u00e5 att chlorella har gjort det m\u00f6jligt f\u00f6r mig att eliminera alla droger fr\u00e5n mitt liv.<\/p>\n<p>Jag vet inte om det finns ett etablerat samband med chlorella, men under de senaste 3 \u00e5ren har jag inte varit sjuk och inte tagit n\u00e5gra mediciner.<\/p>\n<p><strong>PN<\/strong><\/p>\n","protected":false},"excerpt":{"rendered":"<p>Med hj\u00e4lp av Chlorella och utan att ta n\u00e5gra mediciner har jag praktiskt taget kunnat undvika de fysiska problem som \u00e4r f\u00f6rknippade med mina allergier. Dessutom hade den rena Chlorella jag tog en verkligt gynnsam effekt p\u00e5 b\u00e5de min kropp och mitt sinne. \u00c5r 2005 var jag i ett skede av mitt liv d\u00e5 jag [&hellip;]<\/p>\n","protected":false},"author":1,"featured_media":0,"comment_status":"open","ping_status":"open","sticky":false,"template":"","format":"standard","meta":[],"categories":[680,676],"tags":[],"acf":[],"yoast_head":"<!-- This site is optimized with the Yoast SEO plugin v19.7.1 - https:\/\/yoast.com\/wordpress\/plugins\/seo\/ -->\n<title>Undvika besv\u00e4ren med mina allergier<\/title>\n<meta name=\"robots\" content=\"index, follow, max-snippet:-1, max-image-preview:large, max-video-preview:-1\" \/>\n<link rel=\"canonical\" href=\"https:\/\/www.echlorial.se\/blog\/undvika-besvaren-med-mina-allergier\/\" \/>\n<meta property=\"og:locale\" content=\"sv_SE\" \/>\n<meta property=\"og:type\" content=\"article\" \/>\n<meta property=\"og:title\" content=\"Undvika besv\u00e4ren med mina allergier\" \/>\n<meta property=\"og:description\" content=\"Med hj\u00e4lp av Chlorella och utan att ta n\u00e5gra mediciner har jag praktiskt taget kunnat undvika de fysiska problem som \u00e4r f\u00f6rknippade med mina allergier. Dessutom hade den rena Chlorella jag tog en verkligt gynnsam effekt p\u00e5 b\u00e5de min kropp och mitt sinne. \u00c5r 2005 var jag i ett skede av mitt liv d\u00e5 jag [&hellip;]\" \/>\n<meta property=\"og:url\" content=\"https:\/\/www.echlorial.se\/blog\/undvika-besvaren-med-mina-allergier\/\" \/>\n<meta property=\"og:site_name\" content=\"eChlorial\" \/>\n<meta property=\"article:published_time\" content=\"2015-03-18T18:06:26+00:00\" \/>\n<meta name=\"author\" content=\"admin_echlorial\" \/>\n<meta name=\"twitter:label1\" content=\"Skriven av\" \/>\n\t<meta name=\"twitter:data1\" content=\"admin_echlorial\" \/>\n\t<meta name=\"twitter:label2\" content=\"Ber\u00e4knad l\u00e4stid\" \/>\n\t<meta name=\"twitter:data2\" content=\"3 minuter\" \/>\n<script type=\"application\/ld+json\" class=\"yoast-schema-graph\">{\"@context\":\"https:\/\/schema.org\",\"@graph\":[{\"@type\":\"WebPage\",\"@id\":\"https:\/\/www.echlorial.se\/blog\/undvika-besvaren-med-mina-allergier\/\",\"url\":\"https:\/\/www.echlorial.se\/blog\/undvika-besvaren-med-mina-allergier\/\",\"name\":\"Undvika besv\u00e4ren med mina allergier\",\"isPartOf\":{\"@id\":\"https:\/\/www.echlorial.com\/blog\/#website\"},\"datePublished\":\"2015-03-18T18:06:26+00:00\",\"dateModified\":\"2015-03-18T18:06:26+00:00\",\"author\":{\"@id\":\"https:\/\/www.echlorial.com\/blog\/#\/schema\/person\/0e76c63d04141dd4ae797ce19887e7a6\"},\"breadcrumb\":{\"@id\":\"https:\/\/www.echlorial.se\/blog\/undvika-besvaren-med-mina-allergier\/#breadcrumb\"},\"inLanguage\":\"sv-SE\",\"potentialAction\":[{\"@type\":\"ReadAction\",\"target\":[\"https:\/\/www.echlorial.se\/blog\/undvika-besvaren-med-mina-allergier\/\"]}]},{\"@type\":\"BreadcrumbList\",\"@id\":\"https:\/\/www.echlorial.se\/blog\/undvika-besvaren-med-mina-allergier\/#breadcrumb\",\"itemListElement\":[{\"@type\":\"ListItem\",\"position\":1,\"name\":\"Hem\",\"item\":\"https:\/\/www.echlorial.se\/\"},{\"@type\":\"ListItem\",\"position\":2,\"name\":\"Vittnesm\u00e5l\",\"item\":\"https:\/\/www.echlorial.se\/blog\/category\/temoignages-sv\/\"},{\"@type\":\"ListItem\",\"position\":3,\"name\":\"Pollen m.m.\",\"item\":\"https:\/\/www.echlorial.se\/blog\/category\/temoignages-sv\/allergier\/\"},{\"@type\":\"ListItem\",\"position\":4,\"name\":\"Undvika besv\u00e4ren med mina allergier\"}]},{\"@type\":\"WebSite\",\"@id\":\"https:\/\/www.echlorial.com\/blog\/#website\",\"url\":\"https:\/\/www.echlorial.com\/blog\/\",\"name\":\"eChlorial\",\"description\":\"Chlorella extra pure cultiv\u00e9e sous tube de verre en Allemagne\",\"potentialAction\":[{\"@type\":\"SearchAction\",\"target\":{\"@type\":\"EntryPoint\",\"urlTemplate\":\"https:\/\/www.echlorial.com\/blog\/?s={search_term_string}\"},\"query-input\":\"required name=search_term_string\"}],\"inLanguage\":\"sv-SE\"},{\"@type\":\"Person\",\"@id\":\"https:\/\/www.echlorial.com\/blog\/#\/schema\/person\/0e76c63d04141dd4ae797ce19887e7a6\",\"name\":\"admin_echlorial\",\"sameAs\":[\"http:\/\/www.echlorial.fr\"],\"url\":\"https:\/\/www.echlorial.se\/blog\/author\/admin_echlorial\/\"}]}<\/script>\n<!-- \/ Yoast SEO plugin. -->","yoast_head_json":{"title":"Undvika besv\u00e4ren med mina allergier","robots":{"index":"index","follow":"follow","max-snippet":"max-snippet:-1","max-image-preview":"max-image-preview:large","max-video-preview":"max-video-preview:-1"},"canonical":"https:\/\/www.echlorial.se\/blog\/undvika-besvaren-med-mina-allergier\/","og_locale":"sv_SE","og_type":"article","og_title":"Undvika besv\u00e4ren med mina allergier","og_description":"Med hj\u00e4lp av Chlorella och utan att ta n\u00e5gra mediciner har jag praktiskt taget kunnat undvika de fysiska problem som \u00e4r f\u00f6rknippade med mina allergier. Dessutom hade den rena Chlorella jag tog en verkligt gynnsam effekt p\u00e5 b\u00e5de min kropp och mitt sinne. \u00c5r 2005 var jag i ett skede av mitt liv d\u00e5 jag [&hellip;]","og_url":"https:\/\/www.echlorial.se\/blog\/undvika-besvaren-med-mina-allergier\/","og_site_name":"eChlorial","article_published_time":"2015-03-18T18:06:26+00:00","author":"admin_echlorial","twitter_misc":{"Skriven av":"admin_echlorial","Ber\u00e4knad l\u00e4stid":"3 minuter"},"schema":{"@context":"https:\/\/schema.org","@graph":[{"@type":"WebPage","@id":"https:\/\/www.echlorial.se\/blog\/undvika-besvaren-med-mina-allergier\/","url":"https:\/\/www.echlorial.se\/blog\/undvika-besvaren-med-mina-allergier\/","name":"Undvika besv\u00e4ren med mina allergier","isPartOf":{"@id":"https:\/\/www.echlorial.com\/blog\/#website"},"datePublished":"2015-03-18T18:06:26+00:00","dateModified":"2015-03-18T18:06:26+00:00","author":{"@id":"https:\/\/www.echlorial.com\/blog\/#\/schema\/person\/0e76c63d04141dd4ae797ce19887e7a6"},"breadcrumb":{"@id":"https:\/\/www.echlorial.se\/blog\/undvika-besvaren-med-mina-allergier\/#breadcrumb"},"inLanguage":"sv-SE","potentialAction":[{"@type":"ReadAction","target":["https:\/\/www.echlorial.se\/blog\/undvika-besvaren-med-mina-allergier\/"]}]},{"@type":"BreadcrumbList","@id":"https:\/\/www.echlorial.se\/blog\/undvika-besvaren-med-mina-allergier\/#breadcrumb","itemListElement":[{"@type":"ListItem","position":1,"name":"Hem","item":"https:\/\/www.echlorial.se\/"},{"@type":"ListItem","position":2,"name":"Vittnesm\u00e5l","item":"https:\/\/www.echlorial.se\/blog\/category\/temoignages-sv\/"},{"@type":"ListItem","position":3,"name":"Pollen m.m.","item":"https:\/\/www.echlorial.se\/blog\/category\/temoignages-sv\/allergier\/"},{"@type":"ListItem","position":4,"name":"Undvika besv\u00e4ren med mina allergier"}]},{"@type":"WebSite","@id":"https:\/\/www.echlorial.com\/blog\/#website","url":"https:\/\/www.echlorial.com\/blog\/","name":"eChlorial","description":"Chlorella extra pure cultiv\u00e9e sous tube de verre en Allemagne","potentialAction":[{"@type":"SearchAction","target":{"@type":"EntryPoint","urlTemplate":"https:\/\/www.echlorial.com\/blog\/?s={search_term_string}"},"query-input":"required name=search_term_string"}],"inLanguage":"sv-SE"},{"@type":"Person","@id":"https:\/\/www.echlorial.com\/blog\/#\/schema\/person\/0e76c63d04141dd4ae797ce19887e7a6","name":"admin_echlorial","sameAs":["http:\/\/www.echlorial.fr"],"url":"https:\/\/www.echlorial.se\/blog\/author\/admin_echlorial\/"}]}},"_links":{"self":[{"href":"https:\/\/www.echlorial.se\/blog\/wp-json\/wp\/v2\/posts\/11602"}],"collection":[{"href":"https:\/\/www.echlorial.se\/blog\/wp-json\/wp\/v2\/posts"}],"about":[{"href":"https:\/\/www.echlorial.se\/blog\/wp-json\/wp\/v2\/types\/post"}],"author":[{"embeddable":true,"href":"https:\/\/www.echlorial.se\/blog\/wp-json\/wp\/v2\/users\/1"}],"replies":[{"embeddable":true,"href":"https:\/\/www.echlorial.se\/blog\/wp-json\/wp\/v2\/comments?post=11602"}],"version-history":[{"count":0,"href":"https:\/\/www.echlorial.se\/blog\/wp-json\/wp\/v2\/posts\/11602\/revisions"}],"wp:attachment":[{"href":"https:\/\/www.echlorial.se\/blog\/wp-json\/wp\/v2\/media?parent=11602"}],"wp:term":[{"taxonomy":"category","embeddable":true,"href":"https:\/\/www.echlorial.se\/blog\/wp-json\/wp\/v2\/categories?post=11602"},{"taxonomy":"post_tag","embeddable":true,"href":"https:\/\/www.echlorial.se\/blog\/wp-json\/wp\/v2\/tags?post=11602"}],"curies":[{"name":"wp","href":"https:\/\/api.w.org\/{rel}","templated":true}]}}