{"id":11619,"date":"2015-03-18T20:58:31","date_gmt":"2015-03-18T20:58:31","guid":{"rendered":"https:\/\/www.echlorial.fr\/blog\/kanslig-forbattring-och-min-fysiska-form-och-min-moral\/"},"modified":"2015-03-18T20:58:31","modified_gmt":"2015-03-18T20:58:31","slug":"kanslig-forbattring-och-min-fysiska-form-och-min-moral","status":"publish","type":"post","link":"https:\/\/www.echlorial.se\/blog\/kanslig-forbattring-och-min-fysiska-form-och-min-moral\/","title":{"rendered":"F\u00f6rb\u00e4ttra min fysiska kondition och moral"},"content":{"rendered":"<p>I n\u00e4stan 2 \u00e5r nu har jag tagit chlorella regelbundet&#8230; Vad kan jag s\u00e4ga f\u00f6rutom att jag har m\u00e4rkt en markant f\u00f6rb\u00e4ttring av b\u00e5de mitt fysiska tillst\u00e5nd och min moral &#8230;<\/p>\n<p>Med mindre depressioner och utan att vilja vara en del av en &#8221;klassisk&#8221; &#8221;behandling&#8221; valde jag att f\u00f6rb\u00e4ttra snarare \u00e4n att hantera mitt tillst\u00e5nd. Och det fungerar, s\u00e5 jag vill ta mig friheten att rekommendera denna produkt, som \u00e4r fullpackad med aminosyror och dessutom \u00e4r en naturlig renare, baserat p\u00e5 min m\u00e5ng\u00e5riga erfarenhet. Jag \u00f6nskar er alla b\u00e4sta h\u00e4lsa.<\/p>\n<p>Jag \u00f6nskar er all god h\u00e4lsa,<\/p>\n<p><strong>Olivier<\/strong><\/p>\n","protected":false},"excerpt":{"rendered":"<p>I n\u00e4stan 2 \u00e5r nu har jag tagit chlorella regelbundet&#8230; Vad kan jag s\u00e4ga f\u00f6rutom att jag har m\u00e4rkt en markant f\u00f6rb\u00e4ttring av b\u00e5de mitt fysiska tillst\u00e5nd och min moral &#8230; Med mindre depressioner och utan att vilja vara en del av en &#8221;klassisk&#8221; &#8221;behandling&#8221; valde jag att f\u00f6rb\u00e4ttra snarare \u00e4n att hantera mitt tillst\u00e5nd. [&hellip;]<\/p>\n","protected":false},"author":1,"featured_media":0,"comment_status":"open","ping_status":"open","sticky":false,"template":"","format":"standard","meta":[],"categories":[684,676],"tags":[],"acf":[],"yoast_head":"<!-- This site is optimized with the Yoast SEO plugin v19.7.1 - https:\/\/yoast.com\/wordpress\/plugins\/seo\/ -->\n<title>F\u00f6rb\u00e4ttra min fysiska kondition och moral<\/title>\n<meta name=\"robots\" content=\"index, follow, max-snippet:-1, max-image-preview:large, max-video-preview:-1\" \/>\n<link rel=\"canonical\" href=\"https:\/\/www.echlorial.se\/blog\/kanslig-forbattring-och-min-fysiska-form-och-min-moral\/\" \/>\n<meta property=\"og:locale\" content=\"sv_SE\" \/>\n<meta property=\"og:type\" content=\"article\" \/>\n<meta property=\"og:title\" content=\"F\u00f6rb\u00e4ttra min fysiska kondition och moral\" \/>\n<meta property=\"og:description\" content=\"I n\u00e4stan 2 \u00e5r nu har jag tagit chlorella regelbundet&#8230; Vad kan jag s\u00e4ga f\u00f6rutom att jag har m\u00e4rkt en markant f\u00f6rb\u00e4ttring av b\u00e5de mitt fysiska tillst\u00e5nd och min moral &#8230; Med mindre depressioner och utan att vilja vara en del av en &#8221;klassisk&#8221; &#8221;behandling&#8221; valde jag att f\u00f6rb\u00e4ttra snarare \u00e4n att hantera mitt tillst\u00e5nd. [&hellip;]\" \/>\n<meta property=\"og:url\" content=\"https:\/\/www.echlorial.se\/blog\/kanslig-forbattring-och-min-fysiska-form-och-min-moral\/\" \/>\n<meta property=\"og:site_name\" content=\"eChlorial\" \/>\n<meta property=\"article:published_time\" content=\"2015-03-18T20:58:31+00:00\" \/>\n<meta name=\"author\" content=\"admin_echlorial\" \/>\n<meta name=\"twitter:label1\" content=\"Skriven av\" \/>\n\t<meta name=\"twitter:data1\" content=\"admin_echlorial\" \/>\n\t<meta name=\"twitter:label2\" content=\"Ber\u00e4knad l\u00e4stid\" \/>\n\t<meta name=\"twitter:data2\" content=\"1 minut\" \/>\n<script type=\"application\/ld+json\" class=\"yoast-schema-graph\">{\"@context\":\"https:\/\/schema.org\",\"@graph\":[{\"@type\":\"WebPage\",\"@id\":\"https:\/\/www.echlorial.se\/blog\/kanslig-forbattring-och-min-fysiska-form-och-min-moral\/\",\"url\":\"https:\/\/www.echlorial.se\/blog\/kanslig-forbattring-och-min-fysiska-form-och-min-moral\/\",\"name\":\"F\u00f6rb\u00e4ttra min fysiska kondition och moral\",\"isPartOf\":{\"@id\":\"https:\/\/www.echlorial.com\/blog\/#website\"},\"datePublished\":\"2015-03-18T20:58:31+00:00\",\"dateModified\":\"2015-03-18T20:58:31+00:00\",\"author\":{\"@id\":\"https:\/\/www.echlorial.com\/blog\/#\/schema\/person\/0e76c63d04141dd4ae797ce19887e7a6\"},\"breadcrumb\":{\"@id\":\"https:\/\/www.echlorial.se\/blog\/kanslig-forbattring-och-min-fysiska-form-och-min-moral\/#breadcrumb\"},\"inLanguage\":\"sv-SE\",\"potentialAction\":[{\"@type\":\"ReadAction\",\"target\":[\"https:\/\/www.echlorial.se\/blog\/kanslig-forbattring-och-min-fysiska-form-och-min-moral\/\"]}]},{\"@type\":\"BreadcrumbList\",\"@id\":\"https:\/\/www.echlorial.se\/blog\/kanslig-forbattring-och-min-fysiska-form-och-min-moral\/#breadcrumb\",\"itemListElement\":[{\"@type\":\"ListItem\",\"position\":1,\"name\":\"Hem\",\"item\":\"https:\/\/www.echlorial.se\/\"},{\"@type\":\"ListItem\",\"position\":2,\"name\":\"Vittnesm\u00e5l\",\"item\":\"https:\/\/www.echlorial.se\/blog\/category\/temoignages-sv\/\"},{\"@type\":\"ListItem\",\"position\":3,\"name\":\"V\u00e4lbefinnande\",\"item\":\"https:\/\/www.echlorial.se\/blog\/category\/temoignages-sv\/valbefinnande\/\"},{\"@type\":\"ListItem\",\"position\":4,\"name\":\"F\u00f6rb\u00e4ttra min fysiska kondition och moral\"}]},{\"@type\":\"WebSite\",\"@id\":\"https:\/\/www.echlorial.com\/blog\/#website\",\"url\":\"https:\/\/www.echlorial.com\/blog\/\",\"name\":\"eChlorial\",\"description\":\"Chlorella extra pure cultiv\u00e9e sous tube de verre en Allemagne\",\"potentialAction\":[{\"@type\":\"SearchAction\",\"target\":{\"@type\":\"EntryPoint\",\"urlTemplate\":\"https:\/\/www.echlorial.com\/blog\/?s={search_term_string}\"},\"query-input\":\"required name=search_term_string\"}],\"inLanguage\":\"sv-SE\"},{\"@type\":\"Person\",\"@id\":\"https:\/\/www.echlorial.com\/blog\/#\/schema\/person\/0e76c63d04141dd4ae797ce19887e7a6\",\"name\":\"admin_echlorial\",\"sameAs\":[\"http:\/\/www.echlorial.fr\"],\"url\":\"https:\/\/www.echlorial.se\/blog\/author\/admin_echlorial\/\"}]}<\/script>\n<!-- \/ Yoast SEO plugin. -->","yoast_head_json":{"title":"F\u00f6rb\u00e4ttra min fysiska kondition och moral","robots":{"index":"index","follow":"follow","max-snippet":"max-snippet:-1","max-image-preview":"max-image-preview:large","max-video-preview":"max-video-preview:-1"},"canonical":"https:\/\/www.echlorial.se\/blog\/kanslig-forbattring-och-min-fysiska-form-och-min-moral\/","og_locale":"sv_SE","og_type":"article","og_title":"F\u00f6rb\u00e4ttra min fysiska kondition och moral","og_description":"I n\u00e4stan 2 \u00e5r nu har jag tagit chlorella regelbundet&#8230; Vad kan jag s\u00e4ga f\u00f6rutom att jag har m\u00e4rkt en markant f\u00f6rb\u00e4ttring av b\u00e5de mitt fysiska tillst\u00e5nd och min moral &#8230; Med mindre depressioner och utan att vilja vara en del av en &#8221;klassisk&#8221; &#8221;behandling&#8221; valde jag att f\u00f6rb\u00e4ttra snarare \u00e4n att hantera mitt tillst\u00e5nd. [&hellip;]","og_url":"https:\/\/www.echlorial.se\/blog\/kanslig-forbattring-och-min-fysiska-form-och-min-moral\/","og_site_name":"eChlorial","article_published_time":"2015-03-18T20:58:31+00:00","author":"admin_echlorial","twitter_misc":{"Skriven av":"admin_echlorial","Ber\u00e4knad l\u00e4stid":"1 minut"},"schema":{"@context":"https:\/\/schema.org","@graph":[{"@type":"WebPage","@id":"https:\/\/www.echlorial.se\/blog\/kanslig-forbattring-och-min-fysiska-form-och-min-moral\/","url":"https:\/\/www.echlorial.se\/blog\/kanslig-forbattring-och-min-fysiska-form-och-min-moral\/","name":"F\u00f6rb\u00e4ttra min fysiska kondition och moral","isPartOf":{"@id":"https:\/\/www.echlorial.com\/blog\/#website"},"datePublished":"2015-03-18T20:58:31+00:00","dateModified":"2015-03-18T20:58:31+00:00","author":{"@id":"https:\/\/www.echlorial.com\/blog\/#\/schema\/person\/0e76c63d04141dd4ae797ce19887e7a6"},"breadcrumb":{"@id":"https:\/\/www.echlorial.se\/blog\/kanslig-forbattring-och-min-fysiska-form-och-min-moral\/#breadcrumb"},"inLanguage":"sv-SE","potentialAction":[{"@type":"ReadAction","target":["https:\/\/www.echlorial.se\/blog\/kanslig-forbattring-och-min-fysiska-form-och-min-moral\/"]}]},{"@type":"BreadcrumbList","@id":"https:\/\/www.echlorial.se\/blog\/kanslig-forbattring-och-min-fysiska-form-och-min-moral\/#breadcrumb","itemListElement":[{"@type":"ListItem","position":1,"name":"Hem","item":"https:\/\/www.echlorial.se\/"},{"@type":"ListItem","position":2,"name":"Vittnesm\u00e5l","item":"https:\/\/www.echlorial.se\/blog\/category\/temoignages-sv\/"},{"@type":"ListItem","position":3,"name":"V\u00e4lbefinnande","item":"https:\/\/www.echlorial.se\/blog\/category\/temoignages-sv\/valbefinnande\/"},{"@type":"ListItem","position":4,"name":"F\u00f6rb\u00e4ttra min fysiska kondition och moral"}]},{"@type":"WebSite","@id":"https:\/\/www.echlorial.com\/blog\/#website","url":"https:\/\/www.echlorial.com\/blog\/","name":"eChlorial","description":"Chlorella extra pure cultiv\u00e9e sous tube de verre en Allemagne","potentialAction":[{"@type":"SearchAction","target":{"@type":"EntryPoint","urlTemplate":"https:\/\/www.echlorial.com\/blog\/?s={search_term_string}"},"query-input":"required name=search_term_string"}],"inLanguage":"sv-SE"},{"@type":"Person","@id":"https:\/\/www.echlorial.com\/blog\/#\/schema\/person\/0e76c63d04141dd4ae797ce19887e7a6","name":"admin_echlorial","sameAs":["http:\/\/www.echlorial.fr"],"url":"https:\/\/www.echlorial.se\/blog\/author\/admin_echlorial\/"}]}},"_links":{"self":[{"href":"https:\/\/www.echlorial.se\/blog\/wp-json\/wp\/v2\/posts\/11619"}],"collection":[{"href":"https:\/\/www.echlorial.se\/blog\/wp-json\/wp\/v2\/posts"}],"about":[{"href":"https:\/\/www.echlorial.se\/blog\/wp-json\/wp\/v2\/types\/post"}],"author":[{"embeddable":true,"href":"https:\/\/www.echlorial.se\/blog\/wp-json\/wp\/v2\/users\/1"}],"replies":[{"embeddable":true,"href":"https:\/\/www.echlorial.se\/blog\/wp-json\/wp\/v2\/comments?post=11619"}],"version-history":[{"count":0,"href":"https:\/\/www.echlorial.se\/blog\/wp-json\/wp\/v2\/posts\/11619\/revisions"}],"wp:attachment":[{"href":"https:\/\/www.echlorial.se\/blog\/wp-json\/wp\/v2\/media?parent=11619"}],"wp:term":[{"taxonomy":"category","embeddable":true,"href":"https:\/\/www.echlorial.se\/blog\/wp-json\/wp\/v2\/categories?post=11619"},{"taxonomy":"post_tag","embeddable":true,"href":"https:\/\/www.echlorial.se\/blog\/wp-json\/wp\/v2\/tags?post=11619"}],"curies":[{"name":"wp","href":"https:\/\/api.w.org\/{rel}","templated":true}]}}