{"id":11641,"date":"2015-03-25T19:04:10","date_gmt":"2015-03-25T19:04:10","guid":{"rendered":"https:\/\/www.echlorial.fr\/blog\/jag-har-inte-varit-sjuk-pa-tre-sasonger\/"},"modified":"2015-03-25T19:04:10","modified_gmt":"2015-03-25T19:04:10","slug":"jag-har-inte-varit-sjuk-pa-tre-sasonger","status":"publish","type":"post","link":"https:\/\/www.echlorial.se\/blog\/jag-har-inte-varit-sjuk-pa-tre-sasonger\/","title":{"rendered":"Jag har inte varit sjuk p\u00e5 tre s\u00e4songer"},"content":{"rendered":"<p>Jag ville ber\u00e4tta att efter regelbunden anv\u00e4ndning av er chlorella (h\u00f6st, vinter och v\u00e5r) har jag inte varit sjuk p\u00e5 tre s\u00e4songer.<br \/>\nJag har inte haft n\u00e5gon sv\u00e5r f\u00f6rkylning eller magsjuka, \u00e4ven om jag f\u00e5r ett eller tv\u00e5 magsjuka fall per \u00e5r.<\/p>\n<p>Och jag har knappt beh\u00f6vt min antiallergimedicin i \u00e5r.<\/p>\n<p><strong>David<\/strong><\/p>\n","protected":false},"excerpt":{"rendered":"<p>Jag ville ber\u00e4tta att efter regelbunden anv\u00e4ndning av er chlorella (h\u00f6st, vinter och v\u00e5r) har jag inte varit sjuk p\u00e5 tre s\u00e4songer. Jag har inte haft n\u00e5gon sv\u00e5r f\u00f6rkylning eller magsjuka, \u00e4ven om jag f\u00e5r ett eller tv\u00e5 magsjuka fall per \u00e5r. Och jag har knappt beh\u00f6vt min antiallergimedicin i \u00e5r. David<\/p>\n","protected":false},"author":1,"featured_media":0,"comment_status":"open","ping_status":"open","sticky":false,"template":"","format":"standard","meta":[],"categories":[692,676],"tags":[],"acf":[],"yoast_head":"<!-- This site is optimized with the Yoast SEO plugin v19.7.1 - https:\/\/yoast.com\/wordpress\/plugins\/seo\/ -->\n<title>Jag har inte varit sjuk p\u00e5 tre s\u00e4songer<\/title>\n<meta name=\"robots\" content=\"index, follow, max-snippet:-1, max-image-preview:large, max-video-preview:-1\" \/>\n<link rel=\"canonical\" href=\"https:\/\/www.echlorial.se\/blog\/jag-har-inte-varit-sjuk-pa-tre-sasonger\/\" \/>\n<meta property=\"og:locale\" content=\"sv_SE\" \/>\n<meta property=\"og:type\" content=\"article\" \/>\n<meta property=\"og:title\" content=\"Jag har inte varit sjuk p\u00e5 tre s\u00e4songer\" \/>\n<meta property=\"og:description\" content=\"Jag ville ber\u00e4tta att efter regelbunden anv\u00e4ndning av er chlorella (h\u00f6st, vinter och v\u00e5r) har jag inte varit sjuk p\u00e5 tre s\u00e4songer. Jag har inte haft n\u00e5gon sv\u00e5r f\u00f6rkylning eller magsjuka, \u00e4ven om jag f\u00e5r ett eller tv\u00e5 magsjuka fall per \u00e5r. Och jag har knappt beh\u00f6vt min antiallergimedicin i \u00e5r. David\" \/>\n<meta property=\"og:url\" content=\"https:\/\/www.echlorial.se\/blog\/jag-har-inte-varit-sjuk-pa-tre-sasonger\/\" \/>\n<meta property=\"og:site_name\" content=\"eChlorial\" \/>\n<meta property=\"article:published_time\" content=\"2015-03-25T19:04:10+00:00\" \/>\n<meta name=\"author\" content=\"admin_echlorial\" \/>\n<meta name=\"twitter:label1\" content=\"Skriven av\" \/>\n\t<meta name=\"twitter:data1\" content=\"admin_echlorial\" \/>\n<script type=\"application\/ld+json\" class=\"yoast-schema-graph\">{\"@context\":\"https:\/\/schema.org\",\"@graph\":[{\"@type\":\"WebPage\",\"@id\":\"https:\/\/www.echlorial.se\/blog\/jag-har-inte-varit-sjuk-pa-tre-sasonger\/\",\"url\":\"https:\/\/www.echlorial.se\/blog\/jag-har-inte-varit-sjuk-pa-tre-sasonger\/\",\"name\":\"Jag har inte varit sjuk p\u00e5 tre s\u00e4songer\",\"isPartOf\":{\"@id\":\"https:\/\/www.echlorial.fr\/blog\/#website\"},\"datePublished\":\"2015-03-25T19:04:10+00:00\",\"dateModified\":\"2015-03-25T19:04:10+00:00\",\"author\":{\"@id\":\"https:\/\/www.echlorial.fr\/blog\/#\/schema\/person\/0e76c63d04141dd4ae797ce19887e7a6\"},\"breadcrumb\":{\"@id\":\"https:\/\/www.echlorial.se\/blog\/jag-har-inte-varit-sjuk-pa-tre-sasonger\/#breadcrumb\"},\"inLanguage\":\"sv-SE\",\"potentialAction\":[{\"@type\":\"ReadAction\",\"target\":[\"https:\/\/www.echlorial.se\/blog\/jag-har-inte-varit-sjuk-pa-tre-sasonger\/\"]}]},{\"@type\":\"BreadcrumbList\",\"@id\":\"https:\/\/www.echlorial.se\/blog\/jag-har-inte-varit-sjuk-pa-tre-sasonger\/#breadcrumb\",\"itemListElement\":[{\"@type\":\"ListItem\",\"position\":1,\"name\":\"Hem\",\"item\":\"https:\/\/www.echlorial.se\/\"},{\"@type\":\"ListItem\",\"position\":2,\"name\":\"Vittnesm\u00e5l\",\"item\":\"https:\/\/www.echlorial.se\/blog\/category\/temoignages-sv\/\"},{\"@type\":\"ListItem\",\"position\":3,\"name\":\"Immunitet\",\"item\":\"https:\/\/www.echlorial.se\/blog\/category\/temoignages-sv\/sjukdomsresistens\/\"},{\"@type\":\"ListItem\",\"position\":4,\"name\":\"Jag har inte varit sjuk p\u00e5 tre s\u00e4songer\"}]},{\"@type\":\"WebSite\",\"@id\":\"https:\/\/www.echlorial.fr\/blog\/#website\",\"url\":\"https:\/\/www.echlorial.fr\/blog\/\",\"name\":\"eChlorial\",\"description\":\"Chlorella extra pure cultiv\u00e9e sous tube de verre en Allemagne\",\"potentialAction\":[{\"@type\":\"SearchAction\",\"target\":{\"@type\":\"EntryPoint\",\"urlTemplate\":\"https:\/\/www.echlorial.fr\/blog\/?s={search_term_string}\"},\"query-input\":\"required name=search_term_string\"}],\"inLanguage\":\"sv-SE\"},{\"@type\":\"Person\",\"@id\":\"https:\/\/www.echlorial.fr\/blog\/#\/schema\/person\/0e76c63d04141dd4ae797ce19887e7a6\",\"name\":\"admin_echlorial\",\"sameAs\":[\"http:\/\/www.echlorial.fr\"],\"url\":\"https:\/\/www.echlorial.se\/blog\/author\/admin_echlorial\/\"}]}<\/script>\n<!-- \/ Yoast SEO plugin. -->","yoast_head_json":{"title":"Jag har inte varit sjuk p\u00e5 tre s\u00e4songer","robots":{"index":"index","follow":"follow","max-snippet":"max-snippet:-1","max-image-preview":"max-image-preview:large","max-video-preview":"max-video-preview:-1"},"canonical":"https:\/\/www.echlorial.se\/blog\/jag-har-inte-varit-sjuk-pa-tre-sasonger\/","og_locale":"sv_SE","og_type":"article","og_title":"Jag har inte varit sjuk p\u00e5 tre s\u00e4songer","og_description":"Jag ville ber\u00e4tta att efter regelbunden anv\u00e4ndning av er chlorella (h\u00f6st, vinter och v\u00e5r) har jag inte varit sjuk p\u00e5 tre s\u00e4songer. Jag har inte haft n\u00e5gon sv\u00e5r f\u00f6rkylning eller magsjuka, \u00e4ven om jag f\u00e5r ett eller tv\u00e5 magsjuka fall per \u00e5r. Och jag har knappt beh\u00f6vt min antiallergimedicin i \u00e5r. David","og_url":"https:\/\/www.echlorial.se\/blog\/jag-har-inte-varit-sjuk-pa-tre-sasonger\/","og_site_name":"eChlorial","article_published_time":"2015-03-25T19:04:10+00:00","author":"admin_echlorial","twitter_misc":{"Skriven av":"admin_echlorial"},"schema":{"@context":"https:\/\/schema.org","@graph":[{"@type":"WebPage","@id":"https:\/\/www.echlorial.se\/blog\/jag-har-inte-varit-sjuk-pa-tre-sasonger\/","url":"https:\/\/www.echlorial.se\/blog\/jag-har-inte-varit-sjuk-pa-tre-sasonger\/","name":"Jag har inte varit sjuk p\u00e5 tre s\u00e4songer","isPartOf":{"@id":"https:\/\/www.echlorial.fr\/blog\/#website"},"datePublished":"2015-03-25T19:04:10+00:00","dateModified":"2015-03-25T19:04:10+00:00","author":{"@id":"https:\/\/www.echlorial.fr\/blog\/#\/schema\/person\/0e76c63d04141dd4ae797ce19887e7a6"},"breadcrumb":{"@id":"https:\/\/www.echlorial.se\/blog\/jag-har-inte-varit-sjuk-pa-tre-sasonger\/#breadcrumb"},"inLanguage":"sv-SE","potentialAction":[{"@type":"ReadAction","target":["https:\/\/www.echlorial.se\/blog\/jag-har-inte-varit-sjuk-pa-tre-sasonger\/"]}]},{"@type":"BreadcrumbList","@id":"https:\/\/www.echlorial.se\/blog\/jag-har-inte-varit-sjuk-pa-tre-sasonger\/#breadcrumb","itemListElement":[{"@type":"ListItem","position":1,"name":"Hem","item":"https:\/\/www.echlorial.se\/"},{"@type":"ListItem","position":2,"name":"Vittnesm\u00e5l","item":"https:\/\/www.echlorial.se\/blog\/category\/temoignages-sv\/"},{"@type":"ListItem","position":3,"name":"Immunitet","item":"https:\/\/www.echlorial.se\/blog\/category\/temoignages-sv\/sjukdomsresistens\/"},{"@type":"ListItem","position":4,"name":"Jag har inte varit sjuk p\u00e5 tre s\u00e4songer"}]},{"@type":"WebSite","@id":"https:\/\/www.echlorial.fr\/blog\/#website","url":"https:\/\/www.echlorial.fr\/blog\/","name":"eChlorial","description":"Chlorella extra pure cultiv\u00e9e sous tube de verre en Allemagne","potentialAction":[{"@type":"SearchAction","target":{"@type":"EntryPoint","urlTemplate":"https:\/\/www.echlorial.fr\/blog\/?s={search_term_string}"},"query-input":"required name=search_term_string"}],"inLanguage":"sv-SE"},{"@type":"Person","@id":"https:\/\/www.echlorial.fr\/blog\/#\/schema\/person\/0e76c63d04141dd4ae797ce19887e7a6","name":"admin_echlorial","sameAs":["http:\/\/www.echlorial.fr"],"url":"https:\/\/www.echlorial.se\/blog\/author\/admin_echlorial\/"}]}},"_links":{"self":[{"href":"https:\/\/www.echlorial.se\/blog\/wp-json\/wp\/v2\/posts\/11641"}],"collection":[{"href":"https:\/\/www.echlorial.se\/blog\/wp-json\/wp\/v2\/posts"}],"about":[{"href":"https:\/\/www.echlorial.se\/blog\/wp-json\/wp\/v2\/types\/post"}],"author":[{"embeddable":true,"href":"https:\/\/www.echlorial.se\/blog\/wp-json\/wp\/v2\/users\/1"}],"replies":[{"embeddable":true,"href":"https:\/\/www.echlorial.se\/blog\/wp-json\/wp\/v2\/comments?post=11641"}],"version-history":[{"count":0,"href":"https:\/\/www.echlorial.se\/blog\/wp-json\/wp\/v2\/posts\/11641\/revisions"}],"wp:attachment":[{"href":"https:\/\/www.echlorial.se\/blog\/wp-json\/wp\/v2\/media?parent=11641"}],"wp:term":[{"taxonomy":"category","embeddable":true,"href":"https:\/\/www.echlorial.se\/blog\/wp-json\/wp\/v2\/categories?post=11641"},{"taxonomy":"post_tag","embeddable":true,"href":"https:\/\/www.echlorial.se\/blog\/wp-json\/wp\/v2\/tags?post=11641"}],"curies":[{"name":"wp","href":"https:\/\/api.w.org\/{rel}","templated":true}]}}