{"id":11647,"date":"2015-03-25T19:25:53","date_gmt":"2015-03-25T19:25:53","guid":{"rendered":"https:\/\/www.echlorial.fr\/blog\/utgangsdatum\/"},"modified":"2015-03-25T19:25:53","modified_gmt":"2015-03-25T19:25:53","slug":"utgangsdatum","status":"publish","type":"post","link":"https:\/\/www.echlorial.se\/blog\/utgangsdatum\/","title":{"rendered":"Utg\u00e5ngsdatum"},"content":{"rendered":"<p>Jag har sv\u00e5rt att f\u00f6rst\u00e5 varf\u00f6r ni v\u00e4grar att s\u00e4tta ett utg\u00e5ngsdatum p\u00e5 burkarna med Chlorella. Jag trodde att det var obligatoriskt. Tycker du inte att denna v\u00e4gran verkligen inte \u00e4r n\u00e5gon anledning att k\u00f6pa?<\/p>\n<p><strong>Andr\u00e9<\/strong><\/p>\n<p>&#8212;&#8212;&#8212;&#8212;&#8212;&#8212;&#8212;&#8212;&#8212;&#8212;&#8212;&#8212;&#8212;&#8212;&#8212;&#8211;<\/p>\n<p>Hej Andr\u00e9,<\/p>\n<p>Jag skulle vilja svara utan dr\u00f6jsm\u00e5l p\u00e5 din &#8221;kommentar&#8221; eller &#8221;fr\u00e5ga&#8221; nedan.<\/p>\n<p>Du har r\u00e4tt, det \u00e4r obligatoriskt att ange b\u00e4st f\u00f6re-datum eller sista f\u00f6rbrukningsdag p\u00e5 alla produkter som s\u00e4ljs.<\/p>\n<p>Du hittar b\u00e4st f\u00f6re-datumet p\u00e5 botten av varje burk.<\/p>\n<p>V\u00e5rt nuvarande datum \u00e4r mars 2017.<\/p>\n<p>Hoppas att jag har lugnat dig helt och h\u00e5llet<\/p>\n<p><strong>Muriel Cathaud<\/strong><\/p>\n","protected":false},"excerpt":{"rendered":"<p>Jag har sv\u00e5rt att f\u00f6rst\u00e5 varf\u00f6r ni v\u00e4grar att s\u00e4tta ett utg\u00e5ngsdatum p\u00e5 burkarna med Chlorella. Jag trodde att det var obligatoriskt. Tycker du inte att denna v\u00e4gran verkligen inte \u00e4r n\u00e5gon anledning att k\u00f6pa? Andr\u00e9 &#8212;&#8212;&#8212;&#8212;&#8212;&#8212;&#8212;&#8212;&#8212;&#8212;&#8212;&#8212;&#8212;&#8212;&#8212;&#8211; Hej Andr\u00e9, Jag skulle vilja svara utan dr\u00f6jsm\u00e5l p\u00e5 din &#8221;kommentar&#8221; eller &#8221;fr\u00e5ga&#8221; nedan. Du har r\u00e4tt, det [&hellip;]<\/p>\n","protected":false},"author":1,"featured_media":0,"comment_status":"open","ping_status":"open","sticky":false,"template":"","format":"standard","meta":[],"categories":[676],"tags":[],"acf":[],"yoast_head":"<!-- This site is optimized with the Yoast SEO plugin v19.7.1 - https:\/\/yoast.com\/wordpress\/plugins\/seo\/ -->\n<title>Utg\u00e5ngsdatum<\/title>\n<meta name=\"robots\" content=\"index, follow, max-snippet:-1, max-image-preview:large, max-video-preview:-1\" \/>\n<link rel=\"canonical\" href=\"https:\/\/www.echlorial.se\/blog\/utgangsdatum\/\" \/>\n<meta property=\"og:locale\" content=\"sv_SE\" \/>\n<meta property=\"og:type\" content=\"article\" \/>\n<meta property=\"og:title\" content=\"Utg\u00e5ngsdatum\" \/>\n<meta property=\"og:description\" content=\"Jag har sv\u00e5rt att f\u00f6rst\u00e5 varf\u00f6r ni v\u00e4grar att s\u00e4tta ett utg\u00e5ngsdatum p\u00e5 burkarna med Chlorella. Jag trodde att det var obligatoriskt. Tycker du inte att denna v\u00e4gran verkligen inte \u00e4r n\u00e5gon anledning att k\u00f6pa? Andr\u00e9 &#8212;&#8212;&#8212;&#8212;&#8212;&#8212;&#8212;&#8212;&#8212;&#8212;&#8212;&#8212;&#8212;&#8212;&#8212;&#8211; Hej Andr\u00e9, Jag skulle vilja svara utan dr\u00f6jsm\u00e5l p\u00e5 din &#8221;kommentar&#8221; eller &#8221;fr\u00e5ga&#8221; nedan. Du har r\u00e4tt, det [&hellip;]\" \/>\n<meta property=\"og:url\" content=\"https:\/\/www.echlorial.se\/blog\/utgangsdatum\/\" \/>\n<meta property=\"og:site_name\" content=\"eChlorial\" \/>\n<meta property=\"article:published_time\" content=\"2015-03-25T19:25:53+00:00\" \/>\n<meta name=\"author\" content=\"admin_echlorial\" \/>\n<meta name=\"twitter:label1\" content=\"Skriven av\" \/>\n\t<meta name=\"twitter:data1\" content=\"admin_echlorial\" \/>\n\t<meta name=\"twitter:label2\" content=\"Ber\u00e4knad l\u00e4stid\" \/>\n\t<meta name=\"twitter:data2\" content=\"1 minut\" \/>\n<script type=\"application\/ld+json\" class=\"yoast-schema-graph\">{\"@context\":\"https:\/\/schema.org\",\"@graph\":[{\"@type\":\"WebPage\",\"@id\":\"https:\/\/www.echlorial.se\/blog\/utgangsdatum\/\",\"url\":\"https:\/\/www.echlorial.se\/blog\/utgangsdatum\/\",\"name\":\"Utg\u00e5ngsdatum\",\"isPartOf\":{\"@id\":\"https:\/\/www.echlorial.com\/blog\/#website\"},\"datePublished\":\"2015-03-25T19:25:53+00:00\",\"dateModified\":\"2015-03-25T19:25:53+00:00\",\"author\":{\"@id\":\"https:\/\/www.echlorial.com\/blog\/#\/schema\/person\/0e76c63d04141dd4ae797ce19887e7a6\"},\"breadcrumb\":{\"@id\":\"https:\/\/www.echlorial.se\/blog\/utgangsdatum\/#breadcrumb\"},\"inLanguage\":\"sv-SE\",\"potentialAction\":[{\"@type\":\"ReadAction\",\"target\":[\"https:\/\/www.echlorial.se\/blog\/utgangsdatum\/\"]}]},{\"@type\":\"BreadcrumbList\",\"@id\":\"https:\/\/www.echlorial.se\/blog\/utgangsdatum\/#breadcrumb\",\"itemListElement\":[{\"@type\":\"ListItem\",\"position\":1,\"name\":\"Hem\",\"item\":\"https:\/\/www.echlorial.se\/\"},{\"@type\":\"ListItem\",\"position\":2,\"name\":\"Vittnesm\u00e5l\",\"item\":\"https:\/\/www.echlorial.se\/blog\/category\/temoignages-sv\/\"},{\"@type\":\"ListItem\",\"position\":3,\"name\":\"Utg\u00e5ngsdatum\"}]},{\"@type\":\"WebSite\",\"@id\":\"https:\/\/www.echlorial.com\/blog\/#website\",\"url\":\"https:\/\/www.echlorial.com\/blog\/\",\"name\":\"eChlorial\",\"description\":\"Chlorella extra pure cultiv\u00e9e sous tube de verre en Allemagne\",\"potentialAction\":[{\"@type\":\"SearchAction\",\"target\":{\"@type\":\"EntryPoint\",\"urlTemplate\":\"https:\/\/www.echlorial.com\/blog\/?s={search_term_string}\"},\"query-input\":\"required name=search_term_string\"}],\"inLanguage\":\"sv-SE\"},{\"@type\":\"Person\",\"@id\":\"https:\/\/www.echlorial.com\/blog\/#\/schema\/person\/0e76c63d04141dd4ae797ce19887e7a6\",\"name\":\"admin_echlorial\",\"sameAs\":[\"http:\/\/www.echlorial.fr\"],\"url\":\"https:\/\/www.echlorial.se\/blog\/author\/admin_echlorial\/\"}]}<\/script>\n<!-- \/ Yoast SEO plugin. -->","yoast_head_json":{"title":"Utg\u00e5ngsdatum","robots":{"index":"index","follow":"follow","max-snippet":"max-snippet:-1","max-image-preview":"max-image-preview:large","max-video-preview":"max-video-preview:-1"},"canonical":"https:\/\/www.echlorial.se\/blog\/utgangsdatum\/","og_locale":"sv_SE","og_type":"article","og_title":"Utg\u00e5ngsdatum","og_description":"Jag har sv\u00e5rt att f\u00f6rst\u00e5 varf\u00f6r ni v\u00e4grar att s\u00e4tta ett utg\u00e5ngsdatum p\u00e5 burkarna med Chlorella. Jag trodde att det var obligatoriskt. Tycker du inte att denna v\u00e4gran verkligen inte \u00e4r n\u00e5gon anledning att k\u00f6pa? Andr\u00e9 &#8212;&#8212;&#8212;&#8212;&#8212;&#8212;&#8212;&#8212;&#8212;&#8212;&#8212;&#8212;&#8212;&#8212;&#8212;&#8211; Hej Andr\u00e9, Jag skulle vilja svara utan dr\u00f6jsm\u00e5l p\u00e5 din &#8221;kommentar&#8221; eller &#8221;fr\u00e5ga&#8221; nedan. Du har r\u00e4tt, det [&hellip;]","og_url":"https:\/\/www.echlorial.se\/blog\/utgangsdatum\/","og_site_name":"eChlorial","article_published_time":"2015-03-25T19:25:53+00:00","author":"admin_echlorial","twitter_misc":{"Skriven av":"admin_echlorial","Ber\u00e4knad l\u00e4stid":"1 minut"},"schema":{"@context":"https:\/\/schema.org","@graph":[{"@type":"WebPage","@id":"https:\/\/www.echlorial.se\/blog\/utgangsdatum\/","url":"https:\/\/www.echlorial.se\/blog\/utgangsdatum\/","name":"Utg\u00e5ngsdatum","isPartOf":{"@id":"https:\/\/www.echlorial.com\/blog\/#website"},"datePublished":"2015-03-25T19:25:53+00:00","dateModified":"2015-03-25T19:25:53+00:00","author":{"@id":"https:\/\/www.echlorial.com\/blog\/#\/schema\/person\/0e76c63d04141dd4ae797ce19887e7a6"},"breadcrumb":{"@id":"https:\/\/www.echlorial.se\/blog\/utgangsdatum\/#breadcrumb"},"inLanguage":"sv-SE","potentialAction":[{"@type":"ReadAction","target":["https:\/\/www.echlorial.se\/blog\/utgangsdatum\/"]}]},{"@type":"BreadcrumbList","@id":"https:\/\/www.echlorial.se\/blog\/utgangsdatum\/#breadcrumb","itemListElement":[{"@type":"ListItem","position":1,"name":"Hem","item":"https:\/\/www.echlorial.se\/"},{"@type":"ListItem","position":2,"name":"Vittnesm\u00e5l","item":"https:\/\/www.echlorial.se\/blog\/category\/temoignages-sv\/"},{"@type":"ListItem","position":3,"name":"Utg\u00e5ngsdatum"}]},{"@type":"WebSite","@id":"https:\/\/www.echlorial.com\/blog\/#website","url":"https:\/\/www.echlorial.com\/blog\/","name":"eChlorial","description":"Chlorella extra pure cultiv\u00e9e sous tube de verre en Allemagne","potentialAction":[{"@type":"SearchAction","target":{"@type":"EntryPoint","urlTemplate":"https:\/\/www.echlorial.com\/blog\/?s={search_term_string}"},"query-input":"required name=search_term_string"}],"inLanguage":"sv-SE"},{"@type":"Person","@id":"https:\/\/www.echlorial.com\/blog\/#\/schema\/person\/0e76c63d04141dd4ae797ce19887e7a6","name":"admin_echlorial","sameAs":["http:\/\/www.echlorial.fr"],"url":"https:\/\/www.echlorial.se\/blog\/author\/admin_echlorial\/"}]}},"_links":{"self":[{"href":"https:\/\/www.echlorial.se\/blog\/wp-json\/wp\/v2\/posts\/11647"}],"collection":[{"href":"https:\/\/www.echlorial.se\/blog\/wp-json\/wp\/v2\/posts"}],"about":[{"href":"https:\/\/www.echlorial.se\/blog\/wp-json\/wp\/v2\/types\/post"}],"author":[{"embeddable":true,"href":"https:\/\/www.echlorial.se\/blog\/wp-json\/wp\/v2\/users\/1"}],"replies":[{"embeddable":true,"href":"https:\/\/www.echlorial.se\/blog\/wp-json\/wp\/v2\/comments?post=11647"}],"version-history":[{"count":0,"href":"https:\/\/www.echlorial.se\/blog\/wp-json\/wp\/v2\/posts\/11647\/revisions"}],"wp:attachment":[{"href":"https:\/\/www.echlorial.se\/blog\/wp-json\/wp\/v2\/media?parent=11647"}],"wp:term":[{"taxonomy":"category","embeddable":true,"href":"https:\/\/www.echlorial.se\/blog\/wp-json\/wp\/v2\/categories?post=11647"},{"taxonomy":"post_tag","embeddable":true,"href":"https:\/\/www.echlorial.se\/blog\/wp-json\/wp\/v2\/tags?post=11647"}],"curies":[{"name":"wp","href":"https:\/\/api.w.org\/{rel}","templated":true}]}}