{"id":11656,"date":"2015-03-25T19:48:25","date_gmt":"2015-03-25T19:48:25","guid":{"rendered":"https:\/\/www.echlorial.fr\/blog\/framjar-valbefinnande\/"},"modified":"2015-03-25T19:48:25","modified_gmt":"2015-03-25T19:48:25","slug":"framjar-valbefinnande","status":"publish","type":"post","link":"https:\/\/www.echlorial.se\/blog\/framjar-valbefinnande\/","title":{"rendered":"Fr\u00e4mjar v\u00e4lbefinnande"},"content":{"rendered":"<p>Mina v\u00e4nner och jag har varit mycket n\u00f6jda med chlorella, varf\u00f6r jag best\u00e4ller det regelbundet.<\/p>\n<p>Chlorella ger oss en k\u00e4nsla av v\u00e4lbefinnande och framf\u00f6r allt god h\u00e4lsa. Jag brukade ha mycket av det, men sedan dess har jag inte haft n\u00e5got!<\/p>\n<p>TACK till detta lilla underverk i naturen.<\/p>\n<p>F\u00f6rskrivare: Jag h\u00f6rde f\u00f6rst talas om chlorella f\u00f6r n\u00e5gra \u00e5r sedan genom en v\u00e4n som jag brukade g\u00f6ra gruppbest\u00e4llningar med. Jag gjorde i min tur en best\u00e4llning.<\/p>\n<p><strong>Marie<\/strong><\/p>\n","protected":false},"excerpt":{"rendered":"<p>Mina v\u00e4nner och jag har varit mycket n\u00f6jda med chlorella, varf\u00f6r jag best\u00e4ller det regelbundet. Chlorella ger oss en k\u00e4nsla av v\u00e4lbefinnande och framf\u00f6r allt god h\u00e4lsa. Jag brukade ha mycket av det, men sedan dess har jag inte haft n\u00e5got! TACK till detta lilla underverk i naturen. F\u00f6rskrivare: Jag h\u00f6rde f\u00f6rst talas om chlorella [&hellip;]<\/p>\n","protected":false},"author":1,"featured_media":0,"comment_status":"open","ping_status":"open","sticky":false,"template":"","format":"standard","meta":[],"categories":[684,676],"tags":[],"acf":[],"yoast_head":"<!-- This site is optimized with the Yoast SEO plugin v19.7.1 - https:\/\/yoast.com\/wordpress\/plugins\/seo\/ -->\n<title>Fr\u00e4mjar v\u00e4lbefinnande<\/title>\n<meta name=\"robots\" content=\"index, follow, max-snippet:-1, max-image-preview:large, max-video-preview:-1\" \/>\n<link rel=\"canonical\" href=\"https:\/\/www.echlorial.se\/blog\/framjar-valbefinnande\/\" \/>\n<meta property=\"og:locale\" content=\"sv_SE\" \/>\n<meta property=\"og:type\" content=\"article\" \/>\n<meta property=\"og:title\" content=\"Fr\u00e4mjar v\u00e4lbefinnande\" \/>\n<meta property=\"og:description\" content=\"Mina v\u00e4nner och jag har varit mycket n\u00f6jda med chlorella, varf\u00f6r jag best\u00e4ller det regelbundet. Chlorella ger oss en k\u00e4nsla av v\u00e4lbefinnande och framf\u00f6r allt god h\u00e4lsa. Jag brukade ha mycket av det, men sedan dess har jag inte haft n\u00e5got! TACK till detta lilla underverk i naturen. F\u00f6rskrivare: Jag h\u00f6rde f\u00f6rst talas om chlorella [&hellip;]\" \/>\n<meta property=\"og:url\" content=\"https:\/\/www.echlorial.se\/blog\/framjar-valbefinnande\/\" \/>\n<meta property=\"og:site_name\" content=\"eChlorial\" \/>\n<meta property=\"article:published_time\" content=\"2015-03-25T19:48:25+00:00\" \/>\n<meta name=\"author\" content=\"admin_echlorial\" \/>\n<meta name=\"twitter:label1\" content=\"Skriven av\" \/>\n\t<meta name=\"twitter:data1\" content=\"admin_echlorial\" \/>\n<script type=\"application\/ld+json\" class=\"yoast-schema-graph\">{\"@context\":\"https:\/\/schema.org\",\"@graph\":[{\"@type\":\"WebPage\",\"@id\":\"https:\/\/www.echlorial.se\/blog\/framjar-valbefinnande\/\",\"url\":\"https:\/\/www.echlorial.se\/blog\/framjar-valbefinnande\/\",\"name\":\"Fr\u00e4mjar v\u00e4lbefinnande\",\"isPartOf\":{\"@id\":\"https:\/\/www.echlorial.fr\/blog\/#website\"},\"datePublished\":\"2015-03-25T19:48:25+00:00\",\"dateModified\":\"2015-03-25T19:48:25+00:00\",\"author\":{\"@id\":\"https:\/\/www.echlorial.fr\/blog\/#\/schema\/person\/0e76c63d04141dd4ae797ce19887e7a6\"},\"breadcrumb\":{\"@id\":\"https:\/\/www.echlorial.se\/blog\/framjar-valbefinnande\/#breadcrumb\"},\"inLanguage\":\"sv-SE\",\"potentialAction\":[{\"@type\":\"ReadAction\",\"target\":[\"https:\/\/www.echlorial.se\/blog\/framjar-valbefinnande\/\"]}]},{\"@type\":\"BreadcrumbList\",\"@id\":\"https:\/\/www.echlorial.se\/blog\/framjar-valbefinnande\/#breadcrumb\",\"itemListElement\":[{\"@type\":\"ListItem\",\"position\":1,\"name\":\"Hem\",\"item\":\"https:\/\/www.echlorial.se\/\"},{\"@type\":\"ListItem\",\"position\":2,\"name\":\"Vittnesm\u00e5l\",\"item\":\"https:\/\/www.echlorial.se\/blog\/category\/temoignages-sv\/\"},{\"@type\":\"ListItem\",\"position\":3,\"name\":\"V\u00e4lbefinnande\",\"item\":\"https:\/\/www.echlorial.se\/blog\/category\/temoignages-sv\/valbefinnande\/\"},{\"@type\":\"ListItem\",\"position\":4,\"name\":\"Fr\u00e4mjar v\u00e4lbefinnande\"}]},{\"@type\":\"WebSite\",\"@id\":\"https:\/\/www.echlorial.fr\/blog\/#website\",\"url\":\"https:\/\/www.echlorial.fr\/blog\/\",\"name\":\"eChlorial\",\"description\":\"Chlorella extra pure cultiv\u00e9e sous tube de verre en Allemagne\",\"potentialAction\":[{\"@type\":\"SearchAction\",\"target\":{\"@type\":\"EntryPoint\",\"urlTemplate\":\"https:\/\/www.echlorial.fr\/blog\/?s={search_term_string}\"},\"query-input\":\"required name=search_term_string\"}],\"inLanguage\":\"sv-SE\"},{\"@type\":\"Person\",\"@id\":\"https:\/\/www.echlorial.fr\/blog\/#\/schema\/person\/0e76c63d04141dd4ae797ce19887e7a6\",\"name\":\"admin_echlorial\",\"sameAs\":[\"http:\/\/www.echlorial.fr\"],\"url\":\"https:\/\/www.echlorial.se\/blog\/author\/admin_echlorial\/\"}]}<\/script>\n<!-- \/ Yoast SEO plugin. -->","yoast_head_json":{"title":"Fr\u00e4mjar v\u00e4lbefinnande","robots":{"index":"index","follow":"follow","max-snippet":"max-snippet:-1","max-image-preview":"max-image-preview:large","max-video-preview":"max-video-preview:-1"},"canonical":"https:\/\/www.echlorial.se\/blog\/framjar-valbefinnande\/","og_locale":"sv_SE","og_type":"article","og_title":"Fr\u00e4mjar v\u00e4lbefinnande","og_description":"Mina v\u00e4nner och jag har varit mycket n\u00f6jda med chlorella, varf\u00f6r jag best\u00e4ller det regelbundet. Chlorella ger oss en k\u00e4nsla av v\u00e4lbefinnande och framf\u00f6r allt god h\u00e4lsa. Jag brukade ha mycket av det, men sedan dess har jag inte haft n\u00e5got! TACK till detta lilla underverk i naturen. F\u00f6rskrivare: Jag h\u00f6rde f\u00f6rst talas om chlorella [&hellip;]","og_url":"https:\/\/www.echlorial.se\/blog\/framjar-valbefinnande\/","og_site_name":"eChlorial","article_published_time":"2015-03-25T19:48:25+00:00","author":"admin_echlorial","twitter_misc":{"Skriven av":"admin_echlorial"},"schema":{"@context":"https:\/\/schema.org","@graph":[{"@type":"WebPage","@id":"https:\/\/www.echlorial.se\/blog\/framjar-valbefinnande\/","url":"https:\/\/www.echlorial.se\/blog\/framjar-valbefinnande\/","name":"Fr\u00e4mjar v\u00e4lbefinnande","isPartOf":{"@id":"https:\/\/www.echlorial.fr\/blog\/#website"},"datePublished":"2015-03-25T19:48:25+00:00","dateModified":"2015-03-25T19:48:25+00:00","author":{"@id":"https:\/\/www.echlorial.fr\/blog\/#\/schema\/person\/0e76c63d04141dd4ae797ce19887e7a6"},"breadcrumb":{"@id":"https:\/\/www.echlorial.se\/blog\/framjar-valbefinnande\/#breadcrumb"},"inLanguage":"sv-SE","potentialAction":[{"@type":"ReadAction","target":["https:\/\/www.echlorial.se\/blog\/framjar-valbefinnande\/"]}]},{"@type":"BreadcrumbList","@id":"https:\/\/www.echlorial.se\/blog\/framjar-valbefinnande\/#breadcrumb","itemListElement":[{"@type":"ListItem","position":1,"name":"Hem","item":"https:\/\/www.echlorial.se\/"},{"@type":"ListItem","position":2,"name":"Vittnesm\u00e5l","item":"https:\/\/www.echlorial.se\/blog\/category\/temoignages-sv\/"},{"@type":"ListItem","position":3,"name":"V\u00e4lbefinnande","item":"https:\/\/www.echlorial.se\/blog\/category\/temoignages-sv\/valbefinnande\/"},{"@type":"ListItem","position":4,"name":"Fr\u00e4mjar v\u00e4lbefinnande"}]},{"@type":"WebSite","@id":"https:\/\/www.echlorial.fr\/blog\/#website","url":"https:\/\/www.echlorial.fr\/blog\/","name":"eChlorial","description":"Chlorella extra pure cultiv\u00e9e sous tube de verre en Allemagne","potentialAction":[{"@type":"SearchAction","target":{"@type":"EntryPoint","urlTemplate":"https:\/\/www.echlorial.fr\/blog\/?s={search_term_string}"},"query-input":"required name=search_term_string"}],"inLanguage":"sv-SE"},{"@type":"Person","@id":"https:\/\/www.echlorial.fr\/blog\/#\/schema\/person\/0e76c63d04141dd4ae797ce19887e7a6","name":"admin_echlorial","sameAs":["http:\/\/www.echlorial.fr"],"url":"https:\/\/www.echlorial.se\/blog\/author\/admin_echlorial\/"}]}},"_links":{"self":[{"href":"https:\/\/www.echlorial.se\/blog\/wp-json\/wp\/v2\/posts\/11656"}],"collection":[{"href":"https:\/\/www.echlorial.se\/blog\/wp-json\/wp\/v2\/posts"}],"about":[{"href":"https:\/\/www.echlorial.se\/blog\/wp-json\/wp\/v2\/types\/post"}],"author":[{"embeddable":true,"href":"https:\/\/www.echlorial.se\/blog\/wp-json\/wp\/v2\/users\/1"}],"replies":[{"embeddable":true,"href":"https:\/\/www.echlorial.se\/blog\/wp-json\/wp\/v2\/comments?post=11656"}],"version-history":[{"count":0,"href":"https:\/\/www.echlorial.se\/blog\/wp-json\/wp\/v2\/posts\/11656\/revisions"}],"wp:attachment":[{"href":"https:\/\/www.echlorial.se\/blog\/wp-json\/wp\/v2\/media?parent=11656"}],"wp:term":[{"taxonomy":"category","embeddable":true,"href":"https:\/\/www.echlorial.se\/blog\/wp-json\/wp\/v2\/categories?post=11656"},{"taxonomy":"post_tag","embeddable":true,"href":"https:\/\/www.echlorial.se\/blog\/wp-json\/wp\/v2\/tags?post=11656"}],"curies":[{"name":"wp","href":"https:\/\/api.w.org\/{rel}","templated":true}]}}