{"id":11669,"date":"2015-04-13T19:55:40","date_gmt":"2015-04-13T19:55:40","guid":{"rendered":"https:\/\/www.echlorial.fr\/blog\/chlorella-och-jag-artrit-trotthet-somnloshet\/"},"modified":"2015-04-13T19:55:40","modified_gmt":"2015-04-13T19:55:40","slug":"chlorella-och-jag-artrit-trotthet-somnloshet","status":"publish","type":"post","link":"https:\/\/www.echlorial.se\/blog\/chlorella-och-jag-artrit-trotthet-somnloshet\/","title":{"rendered":"Chlorella och jag: artrit, tr\u00f6tthet, s\u00f6mnl\u00f6shet"},"content":{"rendered":"<p>Jag led av artros, tr\u00f6tthet och s\u00f6mnl\u00f6shet, och efter att ha f\u00e5tt akupunktur, homeopati, fytoterapi och andra traditionella behandlingar v\u00e4nde jag mig till chlorella efter att ha sett ett reportage p\u00e5 TV om tungmetaller och tandamalgam.<\/p>\n<p>Jag stod inte ut med de h\u00f6ga doserna och var tvungen att minska dosen (\u00e4ven om det \u00e4r tillr\u00e5dligt att \u00f6ka den) eftersom jag led av f\u00f6rstoppning, huvudv\u00e4rk och balansproblem. Under de senaste 2 m\u00e5naderna har jag tagit 10 tabletter 3 g\u00e5nger om dagen och jag v\u00e4ntar fortfarande p\u00e5 betydande f\u00f6rb\u00e4ttringar, som jag hoppas inte kommer att dr\u00f6ja alltf\u00f6r l\u00e4nge, om alla de goda ingredienserna i chlorella fungerar.<\/p>\n<p>Varf\u00f6r rekommenderar inte fytoterapeuter det?<\/p>\n<p><span style=\"font-size: 14pt;\"><a class=\"btn btn-default\">Mireille<\/a><\/span><\/p>\n","protected":false},"excerpt":{"rendered":"<p>Jag led av artros, tr\u00f6tthet och s\u00f6mnl\u00f6shet, och efter att ha f\u00e5tt akupunktur, homeopati, fytoterapi och andra traditionella behandlingar v\u00e4nde jag mig till chlorella efter att ha sett ett reportage p\u00e5 TV om tungmetaller och tandamalgam. Jag stod inte ut med de h\u00f6ga doserna och var tvungen att minska dosen (\u00e4ven om det \u00e4r tillr\u00e5dligt [&hellip;]<\/p>\n","protected":false},"author":1,"featured_media":0,"comment_status":"open","ping_status":"open","sticky":false,"template":"","format":"standard","meta":[],"categories":[683,694,676],"tags":[],"acf":[],"yoast_head":"<!-- This site is optimized with the Yoast SEO plugin v19.7.1 - https:\/\/yoast.com\/wordpress\/plugins\/seo\/ -->\n<title>Chlorella och jag: artrit, tr\u00f6tthet, s\u00f6mnl\u00f6shet<\/title>\n<meta name=\"description\" content=\"Naturl\u00e4kemedel, avgiftning av tungmetaller, vittnesm\u00e5l om effekterna av Chlorella: Lider av artros, tr\u00f6tthet och s\u00f6mnl\u00f6shet, efter att ha...\" \/>\n<meta name=\"robots\" content=\"index, follow, max-snippet:-1, max-image-preview:large, max-video-preview:-1\" \/>\n<link rel=\"canonical\" href=\"https:\/\/www.echlorial.se\/blog\/chlorella-och-jag-artrit-trotthet-somnloshet\/\" \/>\n<meta property=\"og:locale\" content=\"sv_SE\" \/>\n<meta property=\"og:type\" content=\"article\" \/>\n<meta property=\"og:title\" content=\"Chlorella och jag: artrit, tr\u00f6tthet, s\u00f6mnl\u00f6shet\" \/>\n<meta property=\"og:description\" content=\"Naturl\u00e4kemedel, avgiftning av tungmetaller, vittnesm\u00e5l om effekterna av Chlorella: Lider av artros, tr\u00f6tthet och s\u00f6mnl\u00f6shet, efter att ha...\" \/>\n<meta property=\"og:url\" content=\"https:\/\/www.echlorial.se\/blog\/chlorella-och-jag-artrit-trotthet-somnloshet\/\" \/>\n<meta property=\"og:site_name\" content=\"eChlorial\" \/>\n<meta property=\"article:published_time\" content=\"2015-04-13T19:55:40+00:00\" \/>\n<meta name=\"author\" content=\"admin_echlorial\" \/>\n<meta name=\"twitter:label1\" content=\"Skriven av\" \/>\n\t<meta name=\"twitter:data1\" content=\"admin_echlorial\" \/>\n\t<meta name=\"twitter:label2\" content=\"Ber\u00e4knad l\u00e4stid\" \/>\n\t<meta name=\"twitter:data2\" content=\"1 minut\" \/>\n<script type=\"application\/ld+json\" class=\"yoast-schema-graph\">{\"@context\":\"https:\/\/schema.org\",\"@graph\":[{\"@type\":\"WebPage\",\"@id\":\"https:\/\/www.echlorial.se\/blog\/chlorella-och-jag-artrit-trotthet-somnloshet\/\",\"url\":\"https:\/\/www.echlorial.se\/blog\/chlorella-och-jag-artrit-trotthet-somnloshet\/\",\"name\":\"Chlorella och jag: artrit, tr\u00f6tthet, s\u00f6mnl\u00f6shet\",\"isPartOf\":{\"@id\":\"https:\/\/www.echlorial.fr\/blog\/#website\"},\"datePublished\":\"2015-04-13T19:55:40+00:00\",\"dateModified\":\"2015-04-13T19:55:40+00:00\",\"author\":{\"@id\":\"https:\/\/www.echlorial.fr\/blog\/#\/schema\/person\/0e76c63d04141dd4ae797ce19887e7a6\"},\"description\":\"Naturl\u00e4kemedel, avgiftning av tungmetaller, vittnesm\u00e5l om effekterna av Chlorella: Lider av artros, tr\u00f6tthet och s\u00f6mnl\u00f6shet, efter att ha...\",\"breadcrumb\":{\"@id\":\"https:\/\/www.echlorial.se\/blog\/chlorella-och-jag-artrit-trotthet-somnloshet\/#breadcrumb\"},\"inLanguage\":\"sv-SE\",\"potentialAction\":[{\"@type\":\"ReadAction\",\"target\":[\"https:\/\/www.echlorial.se\/blog\/chlorella-och-jag-artrit-trotthet-somnloshet\/\"]}]},{\"@type\":\"BreadcrumbList\",\"@id\":\"https:\/\/www.echlorial.se\/blog\/chlorella-och-jag-artrit-trotthet-somnloshet\/#breadcrumb\",\"itemListElement\":[{\"@type\":\"ListItem\",\"position\":1,\"name\":\"Hem\",\"item\":\"https:\/\/www.echlorial.se\/\"},{\"@type\":\"ListItem\",\"position\":2,\"name\":\"Vittnesm\u00e5l\",\"item\":\"https:\/\/www.echlorial.se\/blog\/category\/temoignages-sv\/\"},{\"@type\":\"ListItem\",\"position\":3,\"name\":\"Fogar\",\"item\":\"https:\/\/www.echlorial.se\/blog\/category\/temoignages-sv\/smarta-och-artrit\/\"},{\"@type\":\"ListItem\",\"position\":4,\"name\":\"Chlorella och jag: artrit, tr\u00f6tthet, s\u00f6mnl\u00f6shet\"}]},{\"@type\":\"WebSite\",\"@id\":\"https:\/\/www.echlorial.fr\/blog\/#website\",\"url\":\"https:\/\/www.echlorial.fr\/blog\/\",\"name\":\"eChlorial\",\"description\":\"Chlorella extra pure cultiv\u00e9e sous tube de verre en Allemagne\",\"potentialAction\":[{\"@type\":\"SearchAction\",\"target\":{\"@type\":\"EntryPoint\",\"urlTemplate\":\"https:\/\/www.echlorial.fr\/blog\/?s={search_term_string}\"},\"query-input\":\"required name=search_term_string\"}],\"inLanguage\":\"sv-SE\"},{\"@type\":\"Person\",\"@id\":\"https:\/\/www.echlorial.fr\/blog\/#\/schema\/person\/0e76c63d04141dd4ae797ce19887e7a6\",\"name\":\"admin_echlorial\",\"sameAs\":[\"http:\/\/www.echlorial.fr\"],\"url\":\"https:\/\/www.echlorial.se\/blog\/author\/admin_echlorial\/\"}]}<\/script>\n<!-- \/ Yoast SEO plugin. -->","yoast_head_json":{"title":"Chlorella och jag: artrit, tr\u00f6tthet, s\u00f6mnl\u00f6shet","description":"Naturl\u00e4kemedel, avgiftning av tungmetaller, vittnesm\u00e5l om effekterna av Chlorella: Lider av artros, tr\u00f6tthet och s\u00f6mnl\u00f6shet, efter att ha...","robots":{"index":"index","follow":"follow","max-snippet":"max-snippet:-1","max-image-preview":"max-image-preview:large","max-video-preview":"max-video-preview:-1"},"canonical":"https:\/\/www.echlorial.se\/blog\/chlorella-och-jag-artrit-trotthet-somnloshet\/","og_locale":"sv_SE","og_type":"article","og_title":"Chlorella och jag: artrit, tr\u00f6tthet, s\u00f6mnl\u00f6shet","og_description":"Naturl\u00e4kemedel, avgiftning av tungmetaller, vittnesm\u00e5l om effekterna av Chlorella: Lider av artros, tr\u00f6tthet och s\u00f6mnl\u00f6shet, efter att ha...","og_url":"https:\/\/www.echlorial.se\/blog\/chlorella-och-jag-artrit-trotthet-somnloshet\/","og_site_name":"eChlorial","article_published_time":"2015-04-13T19:55:40+00:00","author":"admin_echlorial","twitter_misc":{"Skriven av":"admin_echlorial","Ber\u00e4knad l\u00e4stid":"1 minut"},"schema":{"@context":"https:\/\/schema.org","@graph":[{"@type":"WebPage","@id":"https:\/\/www.echlorial.se\/blog\/chlorella-och-jag-artrit-trotthet-somnloshet\/","url":"https:\/\/www.echlorial.se\/blog\/chlorella-och-jag-artrit-trotthet-somnloshet\/","name":"Chlorella och jag: artrit, tr\u00f6tthet, s\u00f6mnl\u00f6shet","isPartOf":{"@id":"https:\/\/www.echlorial.fr\/blog\/#website"},"datePublished":"2015-04-13T19:55:40+00:00","dateModified":"2015-04-13T19:55:40+00:00","author":{"@id":"https:\/\/www.echlorial.fr\/blog\/#\/schema\/person\/0e76c63d04141dd4ae797ce19887e7a6"},"description":"Naturl\u00e4kemedel, avgiftning av tungmetaller, vittnesm\u00e5l om effekterna av Chlorella: Lider av artros, tr\u00f6tthet och s\u00f6mnl\u00f6shet, efter att ha...","breadcrumb":{"@id":"https:\/\/www.echlorial.se\/blog\/chlorella-och-jag-artrit-trotthet-somnloshet\/#breadcrumb"},"inLanguage":"sv-SE","potentialAction":[{"@type":"ReadAction","target":["https:\/\/www.echlorial.se\/blog\/chlorella-och-jag-artrit-trotthet-somnloshet\/"]}]},{"@type":"BreadcrumbList","@id":"https:\/\/www.echlorial.se\/blog\/chlorella-och-jag-artrit-trotthet-somnloshet\/#breadcrumb","itemListElement":[{"@type":"ListItem","position":1,"name":"Hem","item":"https:\/\/www.echlorial.se\/"},{"@type":"ListItem","position":2,"name":"Vittnesm\u00e5l","item":"https:\/\/www.echlorial.se\/blog\/category\/temoignages-sv\/"},{"@type":"ListItem","position":3,"name":"Fogar","item":"https:\/\/www.echlorial.se\/blog\/category\/temoignages-sv\/smarta-och-artrit\/"},{"@type":"ListItem","position":4,"name":"Chlorella och jag: artrit, tr\u00f6tthet, s\u00f6mnl\u00f6shet"}]},{"@type":"WebSite","@id":"https:\/\/www.echlorial.fr\/blog\/#website","url":"https:\/\/www.echlorial.fr\/blog\/","name":"eChlorial","description":"Chlorella extra pure cultiv\u00e9e sous tube de verre en Allemagne","potentialAction":[{"@type":"SearchAction","target":{"@type":"EntryPoint","urlTemplate":"https:\/\/www.echlorial.fr\/blog\/?s={search_term_string}"},"query-input":"required name=search_term_string"}],"inLanguage":"sv-SE"},{"@type":"Person","@id":"https:\/\/www.echlorial.fr\/blog\/#\/schema\/person\/0e76c63d04141dd4ae797ce19887e7a6","name":"admin_echlorial","sameAs":["http:\/\/www.echlorial.fr"],"url":"https:\/\/www.echlorial.se\/blog\/author\/admin_echlorial\/"}]}},"_links":{"self":[{"href":"https:\/\/www.echlorial.se\/blog\/wp-json\/wp\/v2\/posts\/11669"}],"collection":[{"href":"https:\/\/www.echlorial.se\/blog\/wp-json\/wp\/v2\/posts"}],"about":[{"href":"https:\/\/www.echlorial.se\/blog\/wp-json\/wp\/v2\/types\/post"}],"author":[{"embeddable":true,"href":"https:\/\/www.echlorial.se\/blog\/wp-json\/wp\/v2\/users\/1"}],"replies":[{"embeddable":true,"href":"https:\/\/www.echlorial.se\/blog\/wp-json\/wp\/v2\/comments?post=11669"}],"version-history":[{"count":0,"href":"https:\/\/www.echlorial.se\/blog\/wp-json\/wp\/v2\/posts\/11669\/revisions"}],"wp:attachment":[{"href":"https:\/\/www.echlorial.se\/blog\/wp-json\/wp\/v2\/media?parent=11669"}],"wp:term":[{"taxonomy":"category","embeddable":true,"href":"https:\/\/www.echlorial.se\/blog\/wp-json\/wp\/v2\/categories?post=11669"},{"taxonomy":"post_tag","embeddable":true,"href":"https:\/\/www.echlorial.se\/blog\/wp-json\/wp\/v2\/tags?post=11669"}],"curies":[{"name":"wp","href":"https:\/\/api.w.org\/{rel}","templated":true}]}}