{"id":11686,"date":"2015-11-30T13:10:22","date_gmt":"2015-11-30T13:10:22","guid":{"rendered":"https:\/\/www.echlorial.fr\/blog\/chlorella-ameliore-somn\/"},"modified":"2015-11-30T13:10:22","modified_gmt":"2015-11-30T13:10:22","slug":"chlorella-ameliore-somn","status":"publish","type":"post","link":"https:\/\/www.echlorial.se\/blog\/chlorella-ameliore-somn\/","title":{"rendered":"Allm\u00e4nt v\u00e4lbefinnande"},"content":{"rendered":"\n<p><span style=\"font-size: 12pt;\">Jag rekommenderade chlorella till min dotter som har snarkat mycket sedan hon var liten och har s\u00f6mnapn\u00e9. Hon m\u00e5r mycket b\u00e4ttre, trots att det bara har g\u00e5tt en vecka.<\/span><\/p>\n\n\n\n<p><span style=\"font-size: 12pt;\">Min hund kliade sig mycket och jag gav honom lite samtidigt som mig: han \u00e4lskar det och fr\u00e5gar efter det&#8230; och kliar sig mycket mindre.<\/span><\/p>\n\n\n\n<p><span style=\"font-size: 12pt;\">Dessutom \u00e4r jag fysioterapeut och osteopat och experimenterar med m\u00e5nga kosttillskott och laboratorier f\u00f6r att kunna ge r\u00e5d till mina patienter: jag tror att jag kan s\u00e4ga att er chlorella \u00e4r av h\u00f6g kvalitet och effektiv.<\/span><\/p>\n\n\n\n<p><\/p>\n","protected":false},"excerpt":{"rendered":"<p>Jag rekommenderade chlorella till min dotter som har snarkat mycket sedan hon var liten och har s\u00f6mnapn\u00e9. Hon m\u00e5r mycket b\u00e4ttre, trots att det bara har g\u00e5tt en vecka. Min hund kliade sig mycket och jag gav honom lite samtidigt som mig: han \u00e4lskar det och fr\u00e5gar efter det&#8230; och kliar sig mycket mindre. Dessutom [&hellip;]<\/p>\n","protected":false},"author":1,"featured_media":0,"comment_status":"open","ping_status":"open","sticky":false,"template":"","format":"standard","meta":[],"categories":[679,699,684,676],"tags":[],"acf":[],"yoast_head":"<!-- This site is optimized with the Yoast SEO plugin v19.7.1 - https:\/\/yoast.com\/wordpress\/plugins\/seo\/ -->\n<title>Allm\u00e4nt v\u00e4lbefinnande<\/title>\n<meta name=\"description\" content=\"Jag rekommenderade chlorella till min dotter som har snarkat mycket sedan hon var barn med s\u00f6mnapn\u00e9. Hon k\u00e4nde sig mycket b\u00e4ttre p\u00e5 bara 1 vecka\" \/>\n<meta name=\"robots\" content=\"index, follow, max-snippet:-1, max-image-preview:large, max-video-preview:-1\" \/>\n<link rel=\"canonical\" href=\"https:\/\/www.echlorial.se\/blog\/chlorella-ameliore-somn\/\" \/>\n<meta property=\"og:locale\" content=\"sv_SE\" \/>\n<meta property=\"og:type\" content=\"article\" \/>\n<meta property=\"og:title\" content=\"Allm\u00e4nt v\u00e4lbefinnande\" \/>\n<meta property=\"og:description\" content=\"Jag rekommenderade chlorella till min dotter som har snarkat mycket sedan hon var barn med s\u00f6mnapn\u00e9. Hon k\u00e4nde sig mycket b\u00e4ttre p\u00e5 bara 1 vecka\" \/>\n<meta property=\"og:url\" content=\"https:\/\/www.echlorial.se\/blog\/chlorella-ameliore-somn\/\" \/>\n<meta property=\"og:site_name\" content=\"eChlorial\" \/>\n<meta property=\"article:published_time\" content=\"2015-11-30T13:10:22+00:00\" \/>\n<meta name=\"author\" content=\"admin_echlorial\" \/>\n<meta name=\"twitter:label1\" content=\"Skriven av\" \/>\n\t<meta name=\"twitter:data1\" content=\"admin_echlorial\" \/>\n\t<meta name=\"twitter:label2\" content=\"Ber\u00e4knad l\u00e4stid\" \/>\n\t<meta name=\"twitter:data2\" content=\"1 minut\" \/>\n<script type=\"application\/ld+json\" class=\"yoast-schema-graph\">{\"@context\":\"https:\/\/schema.org\",\"@graph\":[{\"@type\":\"WebPage\",\"@id\":\"https:\/\/www.echlorial.se\/blog\/chlorella-ameliore-somn\/\",\"url\":\"https:\/\/www.echlorial.se\/blog\/chlorella-ameliore-somn\/\",\"name\":\"Allm\u00e4nt v\u00e4lbefinnande\",\"isPartOf\":{\"@id\":\"https:\/\/www.echlorial.fr\/blog\/#website\"},\"datePublished\":\"2015-11-30T13:10:22+00:00\",\"dateModified\":\"2015-11-30T13:10:22+00:00\",\"author\":{\"@id\":\"https:\/\/www.echlorial.fr\/blog\/#\/schema\/person\/0e76c63d04141dd4ae797ce19887e7a6\"},\"description\":\"Jag rekommenderade chlorella till min dotter som har snarkat mycket sedan hon var barn med s\u00f6mnapn\u00e9. Hon k\u00e4nde sig mycket b\u00e4ttre p\u00e5 bara 1 vecka\",\"breadcrumb\":{\"@id\":\"https:\/\/www.echlorial.se\/blog\/chlorella-ameliore-somn\/#breadcrumb\"},\"inLanguage\":\"sv-SE\",\"potentialAction\":[{\"@type\":\"ReadAction\",\"target\":[\"https:\/\/www.echlorial.se\/blog\/chlorella-ameliore-somn\/\"]}]},{\"@type\":\"BreadcrumbList\",\"@id\":\"https:\/\/www.echlorial.se\/blog\/chlorella-ameliore-somn\/#breadcrumb\",\"itemListElement\":[{\"@type\":\"ListItem\",\"position\":1,\"name\":\"Hem\",\"item\":\"https:\/\/www.echlorial.se\/\"},{\"@type\":\"ListItem\",\"position\":2,\"name\":\"Vittnesm\u00e5l\",\"item\":\"https:\/\/www.echlorial.se\/blog\/category\/temoignages-sv\/\"},{\"@type\":\"ListItem\",\"position\":3,\"name\":\"Djur\",\"item\":\"https:\/\/www.echlorial.se\/blog\/category\/temoignages-sv\/djur\/\"},{\"@type\":\"ListItem\",\"position\":4,\"name\":\"Allm\u00e4nt v\u00e4lbefinnande\"}]},{\"@type\":\"WebSite\",\"@id\":\"https:\/\/www.echlorial.fr\/blog\/#website\",\"url\":\"https:\/\/www.echlorial.fr\/blog\/\",\"name\":\"eChlorial\",\"description\":\"Chlorella extra pure cultiv\u00e9e sous tube de verre en Allemagne\",\"potentialAction\":[{\"@type\":\"SearchAction\",\"target\":{\"@type\":\"EntryPoint\",\"urlTemplate\":\"https:\/\/www.echlorial.fr\/blog\/?s={search_term_string}\"},\"query-input\":\"required name=search_term_string\"}],\"inLanguage\":\"sv-SE\"},{\"@type\":\"Person\",\"@id\":\"https:\/\/www.echlorial.fr\/blog\/#\/schema\/person\/0e76c63d04141dd4ae797ce19887e7a6\",\"name\":\"admin_echlorial\",\"sameAs\":[\"http:\/\/www.echlorial.fr\"],\"url\":\"https:\/\/www.echlorial.se\/blog\/author\/admin_echlorial\/\"}]}<\/script>\n<!-- \/ Yoast SEO plugin. -->","yoast_head_json":{"title":"Allm\u00e4nt v\u00e4lbefinnande","description":"Jag rekommenderade chlorella till min dotter som har snarkat mycket sedan hon var barn med s\u00f6mnapn\u00e9. Hon k\u00e4nde sig mycket b\u00e4ttre p\u00e5 bara 1 vecka","robots":{"index":"index","follow":"follow","max-snippet":"max-snippet:-1","max-image-preview":"max-image-preview:large","max-video-preview":"max-video-preview:-1"},"canonical":"https:\/\/www.echlorial.se\/blog\/chlorella-ameliore-somn\/","og_locale":"sv_SE","og_type":"article","og_title":"Allm\u00e4nt v\u00e4lbefinnande","og_description":"Jag rekommenderade chlorella till min dotter som har snarkat mycket sedan hon var barn med s\u00f6mnapn\u00e9. Hon k\u00e4nde sig mycket b\u00e4ttre p\u00e5 bara 1 vecka","og_url":"https:\/\/www.echlorial.se\/blog\/chlorella-ameliore-somn\/","og_site_name":"eChlorial","article_published_time":"2015-11-30T13:10:22+00:00","author":"admin_echlorial","twitter_misc":{"Skriven av":"admin_echlorial","Ber\u00e4knad l\u00e4stid":"1 minut"},"schema":{"@context":"https:\/\/schema.org","@graph":[{"@type":"WebPage","@id":"https:\/\/www.echlorial.se\/blog\/chlorella-ameliore-somn\/","url":"https:\/\/www.echlorial.se\/blog\/chlorella-ameliore-somn\/","name":"Allm\u00e4nt v\u00e4lbefinnande","isPartOf":{"@id":"https:\/\/www.echlorial.fr\/blog\/#website"},"datePublished":"2015-11-30T13:10:22+00:00","dateModified":"2015-11-30T13:10:22+00:00","author":{"@id":"https:\/\/www.echlorial.fr\/blog\/#\/schema\/person\/0e76c63d04141dd4ae797ce19887e7a6"},"description":"Jag rekommenderade chlorella till min dotter som har snarkat mycket sedan hon var barn med s\u00f6mnapn\u00e9. Hon k\u00e4nde sig mycket b\u00e4ttre p\u00e5 bara 1 vecka","breadcrumb":{"@id":"https:\/\/www.echlorial.se\/blog\/chlorella-ameliore-somn\/#breadcrumb"},"inLanguage":"sv-SE","potentialAction":[{"@type":"ReadAction","target":["https:\/\/www.echlorial.se\/blog\/chlorella-ameliore-somn\/"]}]},{"@type":"BreadcrumbList","@id":"https:\/\/www.echlorial.se\/blog\/chlorella-ameliore-somn\/#breadcrumb","itemListElement":[{"@type":"ListItem","position":1,"name":"Hem","item":"https:\/\/www.echlorial.se\/"},{"@type":"ListItem","position":2,"name":"Vittnesm\u00e5l","item":"https:\/\/www.echlorial.se\/blog\/category\/temoignages-sv\/"},{"@type":"ListItem","position":3,"name":"Djur","item":"https:\/\/www.echlorial.se\/blog\/category\/temoignages-sv\/djur\/"},{"@type":"ListItem","position":4,"name":"Allm\u00e4nt v\u00e4lbefinnande"}]},{"@type":"WebSite","@id":"https:\/\/www.echlorial.fr\/blog\/#website","url":"https:\/\/www.echlorial.fr\/blog\/","name":"eChlorial","description":"Chlorella extra pure cultiv\u00e9e sous tube de verre en Allemagne","potentialAction":[{"@type":"SearchAction","target":{"@type":"EntryPoint","urlTemplate":"https:\/\/www.echlorial.fr\/blog\/?s={search_term_string}"},"query-input":"required name=search_term_string"}],"inLanguage":"sv-SE"},{"@type":"Person","@id":"https:\/\/www.echlorial.fr\/blog\/#\/schema\/person\/0e76c63d04141dd4ae797ce19887e7a6","name":"admin_echlorial","sameAs":["http:\/\/www.echlorial.fr"],"url":"https:\/\/www.echlorial.se\/blog\/author\/admin_echlorial\/"}]}},"_links":{"self":[{"href":"https:\/\/www.echlorial.se\/blog\/wp-json\/wp\/v2\/posts\/11686"}],"collection":[{"href":"https:\/\/www.echlorial.se\/blog\/wp-json\/wp\/v2\/posts"}],"about":[{"href":"https:\/\/www.echlorial.se\/blog\/wp-json\/wp\/v2\/types\/post"}],"author":[{"embeddable":true,"href":"https:\/\/www.echlorial.se\/blog\/wp-json\/wp\/v2\/users\/1"}],"replies":[{"embeddable":true,"href":"https:\/\/www.echlorial.se\/blog\/wp-json\/wp\/v2\/comments?post=11686"}],"version-history":[{"count":0,"href":"https:\/\/www.echlorial.se\/blog\/wp-json\/wp\/v2\/posts\/11686\/revisions"}],"wp:attachment":[{"href":"https:\/\/www.echlorial.se\/blog\/wp-json\/wp\/v2\/media?parent=11686"}],"wp:term":[{"taxonomy":"category","embeddable":true,"href":"https:\/\/www.echlorial.se\/blog\/wp-json\/wp\/v2\/categories?post=11686"},{"taxonomy":"post_tag","embeddable":true,"href":"https:\/\/www.echlorial.se\/blog\/wp-json\/wp\/v2\/tags?post=11686"}],"curies":[{"name":"wp","href":"https:\/\/api.w.org\/{rel}","templated":true}]}}