{"id":11690,"date":"2015-11-30T13:40:28","date_gmt":"2015-11-30T13:40:28","guid":{"rendered":"https:\/\/www.echlorial.fr\/blog\/ett-plus-for-livskvaliteten\/"},"modified":"2015-11-30T13:40:28","modified_gmt":"2015-11-30T13:40:28","slug":"ett-plus-for-livskvaliteten","status":"publish","type":"post","link":"https:\/\/www.echlorial.se\/blog\/ett-plus-for-livskvaliteten\/","title":{"rendered":"Ett plus f\u00f6r livskvaliteten"},"content":{"rendered":"<p>Jag har anv\u00e4nt Chlorella i flera \u00e5r, och under de f\u00f6rsta m\u00e5naderna k\u00e4nde jag en \u00f6kning av min vitalitet och gott hum\u00f6r. Jag k\u00e4nde personligen inget obehag i b\u00f6rjan och b\u00f6rjade gradvis med 1 den f\u00f6rsta dagen, 2 den andra osv &#8230; upp till 10.<\/p>\n<p>Jag inkluderar det i min dagliga kost med 10cp per dag i 5+5 (huvudm\u00e5ltider) eller 7+3 om jag \u00e4ter fisk till lunch (som sannolikt inneh\u00e5ller mest tungmetaller).<\/p>\n<p>Jag b\u00f6rjade inkludera det i min kost efter att ha sett ett reportage om det 2009 p\u00e5 &#8221;arte&#8221; med vittnesm\u00e5l fr\u00e5n en tysk biologforskare som talade om dess potential f\u00f6r kelering av tungmetaller. Dessutom har den anv\u00e4nts som &#8221;alicament&#8221; p\u00e5 japanska sjukhus sedan 1970-talet.<\/p>\n<p><span style=\"font-size: 14pt;\"><a class=\"btn btn-default\">G\u00e9rard<\/a><\/span><\/p>\n","protected":false},"excerpt":{"rendered":"<p>Jag har anv\u00e4nt Chlorella i flera \u00e5r, och under de f\u00f6rsta m\u00e5naderna k\u00e4nde jag en \u00f6kning av min vitalitet och gott hum\u00f6r. Jag k\u00e4nde personligen inget obehag i b\u00f6rjan och b\u00f6rjade gradvis med 1 den f\u00f6rsta dagen, 2 den andra osv &#8230; upp till 10. Jag inkluderar det i min dagliga kost med 10cp per [&hellip;]<\/p>\n","protected":false},"author":1,"featured_media":0,"comment_status":"open","ping_status":"open","sticky":false,"template":"","format":"standard","meta":[],"categories":[693,684,676],"tags":[],"acf":[],"yoast_head":"<!-- This site is optimized with the Yoast SEO plugin v19.7.1 - https:\/\/yoast.com\/wordpress\/plugins\/seo\/ -->\n<title>Ett plus f\u00f6r livskvaliteten<\/title>\n<meta name=\"description\" content=\"Jag har anv\u00e4nt Chlorella i flera \u00e5r, och redan fr\u00e5n de f\u00f6rsta m\u00e5naderna k\u00e4nde jag att det \u00f6kade min vitalitet och mitt hum\u00f6r. Jag inkluderar det i min diet\" \/>\n<meta name=\"robots\" content=\"index, follow, max-snippet:-1, max-image-preview:large, max-video-preview:-1\" \/>\n<link rel=\"canonical\" href=\"https:\/\/www.echlorial.se\/blog\/ett-plus-for-livskvaliteten\/\" \/>\n<meta property=\"og:locale\" content=\"sv_SE\" \/>\n<meta property=\"og:type\" content=\"article\" \/>\n<meta property=\"og:title\" content=\"Ett plus f\u00f6r livskvaliteten\" \/>\n<meta property=\"og:description\" content=\"Jag har anv\u00e4nt Chlorella i flera \u00e5r, och redan fr\u00e5n de f\u00f6rsta m\u00e5naderna k\u00e4nde jag att det \u00f6kade min vitalitet och mitt hum\u00f6r. Jag inkluderar det i min diet\" \/>\n<meta property=\"og:url\" content=\"https:\/\/www.echlorial.se\/blog\/ett-plus-for-livskvaliteten\/\" \/>\n<meta property=\"og:site_name\" content=\"eChlorial\" \/>\n<meta property=\"article:published_time\" content=\"2015-11-30T13:40:28+00:00\" \/>\n<meta name=\"author\" content=\"admin_echlorial\" \/>\n<meta name=\"twitter:label1\" content=\"Skriven av\" \/>\n\t<meta name=\"twitter:data1\" content=\"admin_echlorial\" \/>\n\t<meta name=\"twitter:label2\" content=\"Ber\u00e4knad l\u00e4stid\" \/>\n\t<meta name=\"twitter:data2\" content=\"1 minut\" \/>\n<script type=\"application\/ld+json\" class=\"yoast-schema-graph\">{\"@context\":\"https:\/\/schema.org\",\"@graph\":[{\"@type\":\"WebPage\",\"@id\":\"https:\/\/www.echlorial.se\/blog\/ett-plus-for-livskvaliteten\/\",\"url\":\"https:\/\/www.echlorial.se\/blog\/ett-plus-for-livskvaliteten\/\",\"name\":\"Ett plus f\u00f6r livskvaliteten\",\"isPartOf\":{\"@id\":\"https:\/\/www.echlorial.fr\/blog\/#website\"},\"datePublished\":\"2015-11-30T13:40:28+00:00\",\"dateModified\":\"2015-11-30T13:40:28+00:00\",\"author\":{\"@id\":\"https:\/\/www.echlorial.fr\/blog\/#\/schema\/person\/0e76c63d04141dd4ae797ce19887e7a6\"},\"description\":\"Jag har anv\u00e4nt Chlorella i flera \u00e5r, och redan fr\u00e5n de f\u00f6rsta m\u00e5naderna k\u00e4nde jag att det \u00f6kade min vitalitet och mitt hum\u00f6r. Jag inkluderar det i min diet\",\"breadcrumb\":{\"@id\":\"https:\/\/www.echlorial.se\/blog\/ett-plus-for-livskvaliteten\/#breadcrumb\"},\"inLanguage\":\"sv-SE\",\"potentialAction\":[{\"@type\":\"ReadAction\",\"target\":[\"https:\/\/www.echlorial.se\/blog\/ett-plus-for-livskvaliteten\/\"]}]},{\"@type\":\"BreadcrumbList\",\"@id\":\"https:\/\/www.echlorial.se\/blog\/ett-plus-for-livskvaliteten\/#breadcrumb\",\"itemListElement\":[{\"@type\":\"ListItem\",\"position\":1,\"name\":\"Hem\",\"item\":\"https:\/\/www.echlorial.se\/\"},{\"@type\":\"ListItem\",\"position\":2,\"name\":\"Vittnesm\u00e5l\",\"item\":\"https:\/\/www.echlorial.se\/blog\/category\/temoignages-sv\/\"},{\"@type\":\"ListItem\",\"position\":3,\"name\":\"Chlorella eChlorial kvalitet\",\"item\":\"https:\/\/www.echlorial.se\/blog\/category\/temoignages-sv\/kvalitet-chlorella-echlorial\/\"},{\"@type\":\"ListItem\",\"position\":4,\"name\":\"Ett plus f\u00f6r livskvaliteten\"}]},{\"@type\":\"WebSite\",\"@id\":\"https:\/\/www.echlorial.fr\/blog\/#website\",\"url\":\"https:\/\/www.echlorial.fr\/blog\/\",\"name\":\"eChlorial\",\"description\":\"Chlorella extra pure cultiv\u00e9e sous tube de verre en Allemagne\",\"potentialAction\":[{\"@type\":\"SearchAction\",\"target\":{\"@type\":\"EntryPoint\",\"urlTemplate\":\"https:\/\/www.echlorial.fr\/blog\/?s={search_term_string}\"},\"query-input\":\"required name=search_term_string\"}],\"inLanguage\":\"sv-SE\"},{\"@type\":\"Person\",\"@id\":\"https:\/\/www.echlorial.fr\/blog\/#\/schema\/person\/0e76c63d04141dd4ae797ce19887e7a6\",\"name\":\"admin_echlorial\",\"sameAs\":[\"http:\/\/www.echlorial.fr\"],\"url\":\"https:\/\/www.echlorial.se\/blog\/author\/admin_echlorial\/\"}]}<\/script>\n<!-- \/ Yoast SEO plugin. -->","yoast_head_json":{"title":"Ett plus f\u00f6r livskvaliteten","description":"Jag har anv\u00e4nt Chlorella i flera \u00e5r, och redan fr\u00e5n de f\u00f6rsta m\u00e5naderna k\u00e4nde jag att det \u00f6kade min vitalitet och mitt hum\u00f6r. Jag inkluderar det i min diet","robots":{"index":"index","follow":"follow","max-snippet":"max-snippet:-1","max-image-preview":"max-image-preview:large","max-video-preview":"max-video-preview:-1"},"canonical":"https:\/\/www.echlorial.se\/blog\/ett-plus-for-livskvaliteten\/","og_locale":"sv_SE","og_type":"article","og_title":"Ett plus f\u00f6r livskvaliteten","og_description":"Jag har anv\u00e4nt Chlorella i flera \u00e5r, och redan fr\u00e5n de f\u00f6rsta m\u00e5naderna k\u00e4nde jag att det \u00f6kade min vitalitet och mitt hum\u00f6r. Jag inkluderar det i min diet","og_url":"https:\/\/www.echlorial.se\/blog\/ett-plus-for-livskvaliteten\/","og_site_name":"eChlorial","article_published_time":"2015-11-30T13:40:28+00:00","author":"admin_echlorial","twitter_misc":{"Skriven av":"admin_echlorial","Ber\u00e4knad l\u00e4stid":"1 minut"},"schema":{"@context":"https:\/\/schema.org","@graph":[{"@type":"WebPage","@id":"https:\/\/www.echlorial.se\/blog\/ett-plus-for-livskvaliteten\/","url":"https:\/\/www.echlorial.se\/blog\/ett-plus-for-livskvaliteten\/","name":"Ett plus f\u00f6r livskvaliteten","isPartOf":{"@id":"https:\/\/www.echlorial.fr\/blog\/#website"},"datePublished":"2015-11-30T13:40:28+00:00","dateModified":"2015-11-30T13:40:28+00:00","author":{"@id":"https:\/\/www.echlorial.fr\/blog\/#\/schema\/person\/0e76c63d04141dd4ae797ce19887e7a6"},"description":"Jag har anv\u00e4nt Chlorella i flera \u00e5r, och redan fr\u00e5n de f\u00f6rsta m\u00e5naderna k\u00e4nde jag att det \u00f6kade min vitalitet och mitt hum\u00f6r. Jag inkluderar det i min diet","breadcrumb":{"@id":"https:\/\/www.echlorial.se\/blog\/ett-plus-for-livskvaliteten\/#breadcrumb"},"inLanguage":"sv-SE","potentialAction":[{"@type":"ReadAction","target":["https:\/\/www.echlorial.se\/blog\/ett-plus-for-livskvaliteten\/"]}]},{"@type":"BreadcrumbList","@id":"https:\/\/www.echlorial.se\/blog\/ett-plus-for-livskvaliteten\/#breadcrumb","itemListElement":[{"@type":"ListItem","position":1,"name":"Hem","item":"https:\/\/www.echlorial.se\/"},{"@type":"ListItem","position":2,"name":"Vittnesm\u00e5l","item":"https:\/\/www.echlorial.se\/blog\/category\/temoignages-sv\/"},{"@type":"ListItem","position":3,"name":"Chlorella eChlorial kvalitet","item":"https:\/\/www.echlorial.se\/blog\/category\/temoignages-sv\/kvalitet-chlorella-echlorial\/"},{"@type":"ListItem","position":4,"name":"Ett plus f\u00f6r livskvaliteten"}]},{"@type":"WebSite","@id":"https:\/\/www.echlorial.fr\/blog\/#website","url":"https:\/\/www.echlorial.fr\/blog\/","name":"eChlorial","description":"Chlorella extra pure cultiv\u00e9e sous tube de verre en Allemagne","potentialAction":[{"@type":"SearchAction","target":{"@type":"EntryPoint","urlTemplate":"https:\/\/www.echlorial.fr\/blog\/?s={search_term_string}"},"query-input":"required name=search_term_string"}],"inLanguage":"sv-SE"},{"@type":"Person","@id":"https:\/\/www.echlorial.fr\/blog\/#\/schema\/person\/0e76c63d04141dd4ae797ce19887e7a6","name":"admin_echlorial","sameAs":["http:\/\/www.echlorial.fr"],"url":"https:\/\/www.echlorial.se\/blog\/author\/admin_echlorial\/"}]}},"_links":{"self":[{"href":"https:\/\/www.echlorial.se\/blog\/wp-json\/wp\/v2\/posts\/11690"}],"collection":[{"href":"https:\/\/www.echlorial.se\/blog\/wp-json\/wp\/v2\/posts"}],"about":[{"href":"https:\/\/www.echlorial.se\/blog\/wp-json\/wp\/v2\/types\/post"}],"author":[{"embeddable":true,"href":"https:\/\/www.echlorial.se\/blog\/wp-json\/wp\/v2\/users\/1"}],"replies":[{"embeddable":true,"href":"https:\/\/www.echlorial.se\/blog\/wp-json\/wp\/v2\/comments?post=11690"}],"version-history":[{"count":0,"href":"https:\/\/www.echlorial.se\/blog\/wp-json\/wp\/v2\/posts\/11690\/revisions"}],"wp:attachment":[{"href":"https:\/\/www.echlorial.se\/blog\/wp-json\/wp\/v2\/media?parent=11690"}],"wp:term":[{"taxonomy":"category","embeddable":true,"href":"https:\/\/www.echlorial.se\/blog\/wp-json\/wp\/v2\/categories?post=11690"},{"taxonomy":"post_tag","embeddable":true,"href":"https:\/\/www.echlorial.se\/blog\/wp-json\/wp\/v2\/tags?post=11690"}],"curies":[{"name":"wp","href":"https:\/\/api.w.org\/{rel}","templated":true}]}}