{"id":11753,"date":"2018-04-05T13:56:05","date_gmt":"2018-04-05T13:56:05","guid":{"rendered":"https:\/\/www.echlorial.fr\/blog\/albertat-lyme-2\/"},"modified":"2025-10-07T16:34:38","modified_gmt":"2025-10-07T16:34:38","slug":"albertat-lyme-2","status":"publish","type":"post","link":"https:\/\/www.echlorial.se\/blog\/albertat-lyme-2\/","title":{"rendered":"Intervju med Judith Albertat, grundare av donationsfonden I For Lyme"},"content":{"rendered":"\n<p><span style=\"font-size: 12pt;\">Intervju med Judith Albertat, naturl\u00e4kare, f.d. flygpilot, grundare av donationsfonden &#8221;I For Lyme&#8221; och medgrundare av f\u00f6reningen &#8221;Lyme sans fronti\u00e8re&#8221;.<\/span> <span style=\"font-size: 12pt;\">Judith har ocks\u00e5 skrivit tv\u00e5 b\u00f6cker om borrelia.<\/span><\/p>\n\n\n\n<h2>Vad \u00e4r din bakgrund: hur och varf\u00f6r blev du naturl\u00e4kare?<\/h2>\n\n\n\n<p><span style=\"font-size: 12pt;\">Jag tror att min bakgrund \u00e4r den som alla forskare har som brinner f\u00f6r en uppt\u00e4ckt och f\u00f6r att f\u00f6rst\u00e5 de problem som \u00e4r f\u00f6rknippade med den. Som Marie Curie sa: <em>&#8221;Vad skulle vi vara utan nyfikenhet i sinnet<\/em>? Det \u00e4r detta som \u00e4r vetenskapens sk\u00f6nhet och \u00e4delhet: den o\u00e4ndliga viljan att flytta fram kunskapens gr\u00e4nser, att sp\u00e5ra materiens och livets hemligheter utan att ha n\u00e5gon f\u00f6rutfattad mening om de m\u00f6jliga konsekvenserna.<\/span><br><span style=\"font-size: 12pt;\">F\u00f6r \u00f6ver 10 \u00e5r sedan drabbades jag av otaliga symtom och efter att ha tr\u00e4ffat en akutl\u00e4kare som \u00f6ppnade d\u00f6rrarna till alternativa behandlingsformer f\u00f6r mig, best\u00e4mde jag mig f\u00f6r att utbilda mig till naturl\u00e4kare. Jag har kombinerat detta med oavbruten forskning om borrelia, och mycket mer, om hur v\u00e5ra kroppar m\u00e5r i en v\u00e4rld som nu \u00e4r mycket giftig.<\/span><\/p>\n\n\n\n<h2>Varf\u00f6r har borrelia blivit din kamp?<\/h2>\n\n\n\n<p><span style=\"font-size: 12pt;\">Jag skulle kanske inte kalla det en kamp! Utan snarare ett engagemang, inte specifikt f\u00f6r borrelia, utan f\u00f6r det jag har uppt\u00e4ckt med tiden. Det \u00e4r verkligen v\u00e5r milj\u00f6 och v\u00e5rt nuvarande beteende som orsakar problem med \u00f6kningen av kroniska sjukdomar &#8211; som borrelia kan vara en del av, men varning: allt \u00e4r inte borrelia!<\/span><\/p>\n\n\n\n<h2>Hur diagnostiseras borrelia utan tvekan?<\/h2>\n\n\n\n<p><span style=\"font-size: 12pt;\">F\u00f6r n\u00e4rvarande finns det inget definitivt s\u00e4tt att diagnostisera denna sjukdom. Det finns m\u00e5nga tester: observationer i ljus- eller m\u00f6rkf\u00e4ltsmikroskop, olika biologiska tester f\u00f6r m\u00e4nniskor eller veterin\u00e4rer, bioresonanstester etc. Inget av dessa tester bevisar att sjukdomen \u00e4r Lyme. Inget test bevisar att borrelia, om det identifieras, \u00e4r orsaken till de symtom som patienten rapporterar, f\u00f6rutom vid prim\u00e4r infektion, i sjukdomsstadium 1. Det finns m\u00e5nga andra faktorer som kan orsaka de symtom som patienten beskriver. Om symtomen tyder p\u00e5 borrelia b\u00f6r l\u00e4karen f\u00f6resl\u00e5 l\u00e4mplig behandling, som ocks\u00e5 kommer att fungera som en differentialdiagnos.<\/span><\/p>\n\n\n\n<h2>Om Lyme-borrelios bekr\u00e4ftas, vad \u00e4r d\u00e5 den b\u00e4sta v\u00e4gen till tillfrisknande, beroende p\u00e5 n\u00e4r infektionen intr\u00e4ffade?<\/h2>\n\n\n\n<p><span style=\"font-size: 12pt;\">Enligt min egen erfarenhet &#8211; och \u00e4ven efter att ha arbetat med tyska l\u00e4kare och terapeuter och sett deras metoder, som anv\u00e4nder samma v\u00e4gar som de jag uppt\u00e4ckte &#8211; \u00e4r det ingen mening med att bek\u00e4mpa mikroben i \u00e5ratal. Striden \u00e4r f\u00f6rlorad p\u00e5 f\u00f6rhand eftersom mikroben inte \u00e4r n\u00e5gonting, det \u00e4r patientens &#8221;terr\u00e4ng&#8221; som utg\u00f6r problemet. Det \u00e4r i denna &#8221;terr\u00e4ng&#8221;, som \u00e5 ena sidan har brist p\u00e5 viktiga n\u00e4rings\u00e4mnen och \u00e5 andra sidan i allm\u00e4nhet \u00e4r kraftigt berusad, som mikroberna kan uttrycka sig. Strategin kommer d\u00e4rf\u00f6r att vara att minska den totala infektionsbelastningen, men ocks\u00e5 och framf\u00f6r allt att minska den totala toxiska belastningen och p\u00e5 s\u00e5 s\u00e4tt reparera tarmen och ge n\u00e4ring \u00e5t kroppens celler.<\/span><\/p>\n\n\n\n<h2>Vad \u00e4r syftet med er donationsfond &#8221;I For Lyme&#8221;?<\/h2>\n\n\n\n<p><span style=\"font-size: 12pt;\">V\u00e5rt m\u00e5l \u00e4r att utveckla forskningen om borrelia med h\u00e4nsyn till v\u00e5r nuvarande milj\u00f6. Borrelia har funnits i miljontals \u00e5r, och vi har \u00f6verlevt denna bakterie p\u00e5 global niv\u00e5! Enligt min mening \u00e4r de drabbade offren f\u00f6r en milj\u00f6 som har f\u00f6r\u00e4ndrats drastiskt under de senaste 70 \u00e5ren: vi trodde att kemin skulle r\u00e4dda m\u00e4nskligheten, men otaliga experter b\u00f6rjar inse att s\u00e5 inte \u00e4r fallet, snarare tv\u00e4rtom.<\/span><\/p>\n\n\n\n<h2>Vilka budskap skulle du vilja f\u00f6rmedla till v\u00e5ra l\u00e4sare som vill ta ansvar f\u00f6r sin egen livskvalitet?<\/h2>\n\n\n\n<div class=\"wp-block-image\"><figure class=\"alignright\"><a href=\"http:\/\/www.thierrysouccar.com\/sante\/livre\/lyme-les-solutions-naturelles-3400\"><img loading=\"lazy\" width=\"250\" height=\"366\" src=\"https:\/\/www.echlorial.fr\/blog\/wp-content\/uploads\/2018\/04\/LymeSolutionNaturelle2.jpg\" alt=\"Lyme les solutions naturelles\" class=\"wp-image-2605\" srcset=\"https:\/\/www.echlorial.se\/blog\/wp-content\/uploads\/2018\/04\/LymeSolutionNaturelle2.jpg 250w, https:\/\/www.echlorial.se\/blog\/wp-content\/uploads\/2018\/04\/LymeSolutionNaturelle2-205x300.jpg 205w\" sizes=\"(max-width: 250px) 100vw, 250px\" \/><\/a><figcaption>Naturliga l\u00f6sningar mot borrelia av Judith Albertat<\/figcaption><\/figure><\/div>\n\n\n\n<p><span style=\"font-size: 12pt;\">F\u00f6rst och fr\u00e4mst vill jag s\u00e4ga att deras h\u00e4lsa och kroppar inte tillh\u00f6r l\u00e4karna &#8211; de tillh\u00f6r dem sj\u00e4lva! De \u00e4r upphovsm\u00e4n till sina egna liv, p\u00e5 alla omr\u00e5den, och som s\u00e5dana borde de vara huvudpersonerna. Vi m\u00e5ste verkligen t\u00e4nka p\u00e5 att reformera v\u00e5rt s\u00e4tt att leva. Det allra f\u00f6rsta vi m\u00e5ste g\u00f6ra \u00e4r att \u00e4ndra v\u00e5rt s\u00e4tt att \u00e4ta: vi m\u00e5ste laga mat &#8221;hemma&#8221;, med f\u00e4rska, lokalt odlade livsmedel som respekterar milj\u00f6n; vi m\u00e5ste g\u00f6ra oss av med livsmedelstillsatser, livsmedel som inneh\u00e5ller giftiga \u00e4mnen (nanopartiklar, olika metaller och giftiga \u00e4mnen, hormonst\u00f6rande \u00e4mnen etc.) och livsmedel med h\u00f6gt glykemiskt index.<\/span><\/p>\n\n\n\n<p><span style=\"font-size: 12pt;\">Ibland \u00e4r det ocks\u00e5 n\u00f6dv\u00e4ndigt att anv\u00e4nda h\u00f6gkvalitativa, giftfria kosttillskott f\u00f6r att ge n\u00e4ring till kroppens celler. F\u00f6r att g\u00f6ra detta b\u00f6r du alltid kontrollera med distribut\u00f6ren f\u00f6r att ta reda p\u00e5 var kosttillskotten kommer ifr\u00e5n och hur de produceras! Det var tack vare Dr Joachim MUTTER, specialist inom milj\u00f6medicin i Tyskland, som jag uppt\u00e4ckte den <a href=\"https:\/\/www.echlorial.se\/14-chlorella-bio\">extra rena chlorella<\/a> som ni erbjuder <sup>(eChlorial\u00ae<\/sup> chlorella). Alla kosttillskott b\u00f6r garantera samma kvalitetsstandarder! Jag ber st\u00e4ndigt laboratorier att kontrollera denna punkt, men lyckligtvis finns det seri\u00f6sa f\u00f6retag som har samma krav som du och jag! F\u00f6r vi g\u00f6r mycket mer skada \u00e4n vi tror med produkter vars sp\u00e5rbarhet inte \u00e4r garanterad och som kan visa sig vara giftiga.<\/span><\/p>\n\n\n\n<p><span style=\"font-size: 12pt;\">Vi m\u00e5ste ocks\u00e5 ta h\u00e4nsyn till det faktum att det ofta \u00e4r i munnen som problemen b\u00f6rjar, p\u00e5 grund av kvicksilveramalgam, olika proteser av <a href=\"https:\/\/www.echlorial.se\/blog\/tungmetaller-och-chlorella\/\">giftiga metaller<\/a> och d\u00e5ligt fyllda tandr\u00f6tter &#8211; som alla genererar en spridning av patogener i k\u00e4karna. En munkontroll av en specialist \u00e4r absolut n\u00f6dv\u00e4ndig.<\/span><br><span style=\"font-size: 12pt;\">Sist men inte minst, och utan att gl\u00f6mma farorna med v\u00e5r elektromagnetiska milj\u00f6, m\u00e5ste fr\u00e5gan om adjuvans och andra giftiga nanopartiklar i vacciner ocks\u00e5 \u00f6verv\u00e4gas p\u00e5 h\u00f6gsta niv\u00e5.<\/span><\/p>\n\n\n\n<h2>Vilket \u00e4r ditt favoritcitat?<\/h2>\n\n\n\n<figure class=\"wp-block-pullquote\"><blockquote><p><span style=\"font-size: 12pt;\">&#8221;Att f\u00e5 m\u00e4nniskor att dr\u00f6mma \u00e4r ofta det s\u00e4kraste s\u00e4ttet att h\u00e5lla dem sovande &#8211; just f\u00f6r att dr\u00f6mmar ger dem en illusion av att vara vakna&#8221;. <\/span><\/p><cite>Gustave THIBON, filosof, 1903-2001<\/cite><\/blockquote><\/figure>\n\n\n\n<p><span style=\"font-size: 14pt;\"><strong>Meddelande fr\u00e5n Judith den 03 augusti 2018<\/strong><\/span><\/p>\n\n\n\n<p><strong><a href=\"https:\/\/www.linkedin.com\/pulse\/press-release-ground-breaking-recognition-lyme-11th-luche-thayer\/\" target=\"_blank\" rel=\"noopener\">Erk\u00e4nnande av Lyme borrelios i WHO:s 11:e internationella klassificering av sjukdomar.<\/a><\/strong><\/p>\n\n\n\n<p class=\"has-text-align-center\"><a class=\"button primary green\" href=\"https:\/\/iforlyme.org\/\" target=\"_blank\" rel=\"noopener\">Jag f\u00f6r Lyme \u2192<\/a><\/p>\n","protected":false},"excerpt":{"rendered":"<p>Intervju med Judith Albertat, naturl\u00e4kare, f.d. flygpilot, grundare av donationsfonden &#8221;I For Lyme&#8221; och medgrundare av f\u00f6reningen &#8221;Lyme sans fronti\u00e8re&#8221;. Judith har ocks\u00e5 skrivit tv\u00e5 b\u00f6cker om borrelia. Vad \u00e4r din bakgrund: hur och varf\u00f6r blev du naturl\u00e4kare? Jag tror att min bakgrund \u00e4r den som alla forskare har som brinner f\u00f6r en uppt\u00e4ckt och [&hellip;]<\/p>\n","protected":false},"author":1,"featured_media":0,"comment_status":"open","ping_status":"open","sticky":false,"template":"","format":"standard","meta":[],"categories":[697],"tags":[],"acf":[],"yoast_head":"<!-- This site is optimized with the Yoast SEO plugin v19.7.1 - https:\/\/yoast.com\/wordpress\/plugins\/seo\/ -->\n<title>Intervju med Judith Albertat, grundare av donationsfonden I For Lyme<\/title>\n<meta name=\"robots\" content=\"index, follow, max-snippet:-1, max-image-preview:large, max-video-preview:-1\" \/>\n<link rel=\"canonical\" href=\"https:\/\/www.echlorial.se\/blog\/albertat-lyme-2\/\" \/>\n<meta property=\"og:locale\" content=\"sv_SE\" \/>\n<meta property=\"og:type\" content=\"article\" \/>\n<meta property=\"og:title\" content=\"Intervju med Judith Albertat, grundare av donationsfonden I For Lyme\" \/>\n<meta property=\"og:description\" content=\"Intervju med Judith Albertat, naturl\u00e4kare, f.d. flygpilot, grundare av donationsfonden &#8221;I For Lyme&#8221; och medgrundare av f\u00f6reningen &#8221;Lyme sans fronti\u00e8re&#8221;. Judith har ocks\u00e5 skrivit tv\u00e5 b\u00f6cker om borrelia. Vad \u00e4r din bakgrund: hur och varf\u00f6r blev du naturl\u00e4kare? Jag tror att min bakgrund \u00e4r den som alla forskare har som brinner f\u00f6r en uppt\u00e4ckt och [&hellip;]\" \/>\n<meta property=\"og:url\" content=\"https:\/\/www.echlorial.se\/blog\/albertat-lyme-2\/\" \/>\n<meta property=\"og:site_name\" content=\"eChlorial\" \/>\n<meta property=\"article:published_time\" content=\"2018-04-05T13:56:05+00:00\" \/>\n<meta property=\"article:modified_time\" content=\"2025-10-07T16:34:38+00:00\" \/>\n<meta property=\"og:image\" content=\"https:\/\/www.echlorial.fr\/blog\/wp-content\/uploads\/2018\/04\/LymeSolutionNaturelle2.jpg\" \/>\n<meta name=\"author\" content=\"admin_echlorial\" \/>\n<meta name=\"twitter:label1\" content=\"Skriven av\" \/>\n\t<meta name=\"twitter:data1\" content=\"admin_echlorial\" \/>\n\t<meta name=\"twitter:label2\" content=\"Ber\u00e4knad l\u00e4stid\" \/>\n\t<meta name=\"twitter:data2\" content=\"5 minuter\" \/>\n<script type=\"application\/ld+json\" class=\"yoast-schema-graph\">{\"@context\":\"https:\/\/schema.org\",\"@graph\":[{\"@type\":\"WebPage\",\"@id\":\"https:\/\/www.echlorial.se\/blog\/albertat-lyme-2\/\",\"url\":\"https:\/\/www.echlorial.se\/blog\/albertat-lyme-2\/\",\"name\":\"Intervju med Judith Albertat, grundare av donationsfonden I For Lyme\",\"isPartOf\":{\"@id\":\"https:\/\/www.echlorial.fr\/blog\/#website\"},\"datePublished\":\"2018-04-05T13:56:05+00:00\",\"dateModified\":\"2025-10-07T16:34:38+00:00\",\"author\":{\"@id\":\"https:\/\/www.echlorial.fr\/blog\/#\/schema\/person\/0e76c63d04141dd4ae797ce19887e7a6\"},\"breadcrumb\":{\"@id\":\"https:\/\/www.echlorial.se\/blog\/albertat-lyme-2\/#breadcrumb\"},\"inLanguage\":\"sv-SE\",\"potentialAction\":[{\"@type\":\"ReadAction\",\"target\":[\"https:\/\/www.echlorial.se\/blog\/albertat-lyme-2\/\"]}]},{\"@type\":\"BreadcrumbList\",\"@id\":\"https:\/\/www.echlorial.se\/blog\/albertat-lyme-2\/#breadcrumb\",\"itemListElement\":[{\"@type\":\"ListItem\",\"position\":1,\"name\":\"Hem\",\"item\":\"https:\/\/www.echlorial.se\/\"},{\"@type\":\"ListItem\",\"position\":2,\"name\":\"Intervjuer\",\"item\":\"https:\/\/www.echlorial.fr\/blog\/category\/interviews\/\"},{\"@type\":\"ListItem\",\"position\":3,\"name\":\"Intervju med Judith Albertat, grundare av donationsfonden I For Lyme\"}]},{\"@type\":\"WebSite\",\"@id\":\"https:\/\/www.echlorial.fr\/blog\/#website\",\"url\":\"https:\/\/www.echlorial.fr\/blog\/\",\"name\":\"eChlorial\",\"description\":\"Chlorella extra pure cultiv\u00e9e sous tube de verre en Allemagne\",\"potentialAction\":[{\"@type\":\"SearchAction\",\"target\":{\"@type\":\"EntryPoint\",\"urlTemplate\":\"https:\/\/www.echlorial.fr\/blog\/?s={search_term_string}\"},\"query-input\":\"required name=search_term_string\"}],\"inLanguage\":\"sv-SE\"},{\"@type\":\"Person\",\"@id\":\"https:\/\/www.echlorial.fr\/blog\/#\/schema\/person\/0e76c63d04141dd4ae797ce19887e7a6\",\"name\":\"admin_echlorial\",\"sameAs\":[\"http:\/\/www.echlorial.fr\"],\"url\":\"https:\/\/www.echlorial.se\/blog\/author\/admin_echlorial\/\"}]}<\/script>\n<!-- \/ Yoast SEO plugin. -->","yoast_head_json":{"title":"Intervju med Judith Albertat, grundare av donationsfonden I For Lyme","robots":{"index":"index","follow":"follow","max-snippet":"max-snippet:-1","max-image-preview":"max-image-preview:large","max-video-preview":"max-video-preview:-1"},"canonical":"https:\/\/www.echlorial.se\/blog\/albertat-lyme-2\/","og_locale":"sv_SE","og_type":"article","og_title":"Intervju med Judith Albertat, grundare av donationsfonden I For Lyme","og_description":"Intervju med Judith Albertat, naturl\u00e4kare, f.d. flygpilot, grundare av donationsfonden &#8221;I For Lyme&#8221; och medgrundare av f\u00f6reningen &#8221;Lyme sans fronti\u00e8re&#8221;. Judith har ocks\u00e5 skrivit tv\u00e5 b\u00f6cker om borrelia. Vad \u00e4r din bakgrund: hur och varf\u00f6r blev du naturl\u00e4kare? Jag tror att min bakgrund \u00e4r den som alla forskare har som brinner f\u00f6r en uppt\u00e4ckt och [&hellip;]","og_url":"https:\/\/www.echlorial.se\/blog\/albertat-lyme-2\/","og_site_name":"eChlorial","article_published_time":"2018-04-05T13:56:05+00:00","article_modified_time":"2025-10-07T16:34:38+00:00","og_image":[{"url":"https:\/\/www.echlorial.fr\/blog\/wp-content\/uploads\/2018\/04\/LymeSolutionNaturelle2.jpg"}],"author":"admin_echlorial","twitter_misc":{"Skriven av":"admin_echlorial","Ber\u00e4knad l\u00e4stid":"5 minuter"},"schema":{"@context":"https:\/\/schema.org","@graph":[{"@type":"WebPage","@id":"https:\/\/www.echlorial.se\/blog\/albertat-lyme-2\/","url":"https:\/\/www.echlorial.se\/blog\/albertat-lyme-2\/","name":"Intervju med Judith Albertat, grundare av donationsfonden I For Lyme","isPartOf":{"@id":"https:\/\/www.echlorial.fr\/blog\/#website"},"datePublished":"2018-04-05T13:56:05+00:00","dateModified":"2025-10-07T16:34:38+00:00","author":{"@id":"https:\/\/www.echlorial.fr\/blog\/#\/schema\/person\/0e76c63d04141dd4ae797ce19887e7a6"},"breadcrumb":{"@id":"https:\/\/www.echlorial.se\/blog\/albertat-lyme-2\/#breadcrumb"},"inLanguage":"sv-SE","potentialAction":[{"@type":"ReadAction","target":["https:\/\/www.echlorial.se\/blog\/albertat-lyme-2\/"]}]},{"@type":"BreadcrumbList","@id":"https:\/\/www.echlorial.se\/blog\/albertat-lyme-2\/#breadcrumb","itemListElement":[{"@type":"ListItem","position":1,"name":"Hem","item":"https:\/\/www.echlorial.se\/"},{"@type":"ListItem","position":2,"name":"Intervjuer","item":"https:\/\/www.echlorial.fr\/blog\/category\/interviews\/"},{"@type":"ListItem","position":3,"name":"Intervju med Judith Albertat, grundare av donationsfonden I For Lyme"}]},{"@type":"WebSite","@id":"https:\/\/www.echlorial.fr\/blog\/#website","url":"https:\/\/www.echlorial.fr\/blog\/","name":"eChlorial","description":"Chlorella extra pure cultiv\u00e9e sous tube de verre en Allemagne","potentialAction":[{"@type":"SearchAction","target":{"@type":"EntryPoint","urlTemplate":"https:\/\/www.echlorial.fr\/blog\/?s={search_term_string}"},"query-input":"required name=search_term_string"}],"inLanguage":"sv-SE"},{"@type":"Person","@id":"https:\/\/www.echlorial.fr\/blog\/#\/schema\/person\/0e76c63d04141dd4ae797ce19887e7a6","name":"admin_echlorial","sameAs":["http:\/\/www.echlorial.fr"],"url":"https:\/\/www.echlorial.se\/blog\/author\/admin_echlorial\/"}]}},"_links":{"self":[{"href":"https:\/\/www.echlorial.se\/blog\/wp-json\/wp\/v2\/posts\/11753"}],"collection":[{"href":"https:\/\/www.echlorial.se\/blog\/wp-json\/wp\/v2\/posts"}],"about":[{"href":"https:\/\/www.echlorial.se\/blog\/wp-json\/wp\/v2\/types\/post"}],"author":[{"embeddable":true,"href":"https:\/\/www.echlorial.se\/blog\/wp-json\/wp\/v2\/users\/1"}],"replies":[{"embeddable":true,"href":"https:\/\/www.echlorial.se\/blog\/wp-json\/wp\/v2\/comments?post=11753"}],"version-history":[{"count":1,"href":"https:\/\/www.echlorial.se\/blog\/wp-json\/wp\/v2\/posts\/11753\/revisions"}],"predecessor-version":[{"id":11973,"href":"https:\/\/www.echlorial.se\/blog\/wp-json\/wp\/v2\/posts\/11753\/revisions\/11973"}],"wp:attachment":[{"href":"https:\/\/www.echlorial.se\/blog\/wp-json\/wp\/v2\/media?parent=11753"}],"wp:term":[{"taxonomy":"category","embeddable":true,"href":"https:\/\/www.echlorial.se\/blog\/wp-json\/wp\/v2\/categories?post=11753"},{"taxonomy":"post_tag","embeddable":true,"href":"https:\/\/www.echlorial.se\/blog\/wp-json\/wp\/v2\/tags?post=11753"}],"curies":[{"name":"wp","href":"https:\/\/api.w.org\/{rel}","templated":true}]}}