{"id":11787,"date":"2019-10-16T10:21:13","date_gmt":"2019-10-16T10:21:13","guid":{"rendered":"https:\/\/www.echlorial.fr\/blog\/inga-island-lyme\/"},"modified":"2025-10-07T16:34:58","modified_gmt":"2025-10-07T16:34:58","slug":"inga-island-lyme","status":"publish","type":"post","link":"https:\/\/www.echlorial.se\/blog\/inga-island-lyme\/","title":{"rendered":"Ingas kamp"},"content":{"rendered":"\n<p><span style=\"font-size: 12pt;\">H\u00e4r \u00e4r en r\u00f6rande ber\u00e4ttelse fr\u00e5n Inga Birna Erlingsdottir, en lojal isl\u00e4ndsk kund som vi har haft n\u00f6jet att prata med under en l\u00e4ngre tid. Vi bad henne g\u00f6ra en intervju med oss f\u00f6r flera m\u00e5nader sedan f\u00f6r att ber\u00e4tta om sin ovanliga karri\u00e4rv\u00e4g. Det blev ett riktigt vittnesm\u00e5l, som vi delar med oss av nedan. <em>(\u00f6versatt text)<\/em><\/span><\/p>\n\n\n\n<p class=\"has-text-align-center\">* * *<\/p>\n\n\n\n<div class=\"wp-block-image\"><figure class=\"alignright\"><img loading=\"lazy\" width=\"500\" height=\"500\" src=\"https:\/\/www.echlorial.fr\/blog\/wp-content\/uploads\/2019\/10\/IngaBirna_Police.jpg\" alt=\"Inga Birna Police\" class=\"wp-image-3586\" srcset=\"https:\/\/www.echlorial.se\/blog\/wp-content\/uploads\/2019\/10\/IngaBirna_Police.jpg 500w, https:\/\/www.echlorial.se\/blog\/wp-content\/uploads\/2019\/10\/IngaBirna_Police-68x68.jpg 68w, https:\/\/www.echlorial.se\/blog\/wp-content\/uploads\/2019\/10\/IngaBirna_Police-300x300.jpg 300w, https:\/\/www.echlorial.se\/blog\/wp-content\/uploads\/2019\/10\/IngaBirna_Police-114x114.jpg 114w\" sizes=\"(max-width: 500px) 100vw, 500px\" \/><\/figure><\/div>\n\n\n\n<p><span style=\"font-size: 12pt;\"><\/span><\/p>\n\n\n\n<p><span style=\"font-size: 12pt;\">Jag heter Inga Birna Erlingsdottir och jag \u00e4r h\u00e4lso- och tr\u00e4ningscoach p\u00e5 Island. Mitt m\u00e5l \u00e4r att hj\u00e4lpa m\u00e4nniskor som lider av sjukdomar som borrelia, fibromyalgi, kroniskt tr\u00f6tthetssyndrom, depression och i vissa fall h\u00e5ravfall eller andra of\u00f6rklarliga symtom. Chlorella fr\u00e5n eChlorial var den sista pusselbiten i mitt perfekta &#8221;h\u00e4lsopussel&#8221; och jag vill g\u00e4rna dela med mig av min erfarenhet av det.<\/span><\/p>\n\n\n\n<p><span style=\"font-size: 12pt;\">Hur hamnade jag h\u00e4r och varf\u00f6r \u00e4r jag s\u00e5 fast besluten att hj\u00e4lpa andra som har drabbats av liknande problem som jag? Jag ska f\u00f6rs\u00f6ka ber\u00e4tta om min l\u00e5nga och sv\u00e5ra resa mot mitt exceptionella tillfrisknande. Genom att ber\u00e4tta min historia hoppas jag kunna hj\u00e4lpa andra m\u00e4nniskor att inte ge upp. Det b\u00f6r uppmuntra dem att beh\u00e5lla hoppet i sitt s\u00f6kande efter en l\u00f6sning, om de kan se sig sj\u00e4lva i den situation jag upplevde&#8230;<\/span><\/p>\n\n\n\n<p><span style=\"font-size: 12pt;\">Jag \u00e4r f\u00f6re detta polis: Jag tog examen fr\u00e5n Polish\u00f6gskolan 2004, driven av min nyfikenhet och mitt behov av att hj\u00e4lpa andra. Tyv\u00e4rr blev jag och min arbetskamrat fyra \u00e5r senare v\u00e5ldsamt attackerade av \u00e5tta m\u00e4n n\u00e4r vi var i tj\u00e4nst. Jag blev allvarligt skadad och fick nack- och ryggskador samt senare posttraumatiskt stressyndrom.<\/span><\/p>\n\n\n\n<p><span style=\"font-size: 12pt;\">F\u00f6re denna fruktansv\u00e4rda h\u00e4ndelse var jag mentalt och fysiskt mycket stark.<\/span><\/p>\n\n\n\n<p><span style=\"font-size: 12pt;\">Min erfarenhet som fitnesscoach, min smak f\u00f6r t\u00e4vling och min situation som ensamst\u00e5ende mamma hade skapat en &#8221;k\u00e4mparpersonlighet&#8221; hos mig. Ordet &#8221;ge upp&#8221; fanns aldrig i min vokabul\u00e4r.<\/span><\/p>\n\n\n\n<p><span style=\"font-size: 12pt;\">Efter olyckan genomgick jag ett 7-veckors rehabiliteringsprogram f\u00f6r att bek\u00e4mpa den kroniska sm\u00e4rtan och den posttraumatiska stress som olyckan hade orsakat. Terapin gav mig nytt hopp och jag \u00e5terfick gradvis min fysiska och mentala kondition. Det k\u00e4ndes som om jag hade tagit mig samman och blivit mig sj\u00e4lv igen.<\/span><\/p>\n\n\n\n<p><span style=\"font-size: 12pt;\">Tyv\u00e4rr f\u00f6ll jag ett \u00e5r senare tillbaka till botten av h\u00e5let och jag fick intrycket att det inte fanns n\u00e5gon v\u00e4g upp igen&#8230;<\/span><\/p>\n\n\n\n<p><span style=\"font-size: 12pt;\">F\u00f6r 6 \u00e5r sedan \u00e5kte jag och min son till Australien p\u00e5 en 2-m\u00e5naders resa. Min son var 13 \u00e5r vid den tidpunkten. Denna tv\u00e5m\u00e5naders semester skulle vara en m\u00f6jlighet f\u00f6r oss b\u00e5da att f\u00e5 en fantastisk upplevelse. Ungef\u00e4r 3 veckor in p\u00e5 v\u00e5r resa m\u00e4rkte jag ett stort stick p\u00e5 4 st\u00e4llen p\u00e5 kroppen, som om jag blivit biten av en insekt.<\/span><\/p>\n\n\n\n<p><span style=\"font-size: 12pt;\">Jag behandlades med steroider p\u00e5 en lokal klinik och bett f\u00f6rsvann snabbt. Strax efter\u00e5t b\u00f6rjade jag k\u00e4nna mig utmattad. F\u00f6rst trodde jag att bristen p\u00e5 energi och den mentala dimman berodde p\u00e5 resan. Jag k\u00e4nde mig tr\u00f6tt hela tiden. Jag kunde inte ens njuta av de saker vi gjorde, som om mitt allm\u00e4ntillst\u00e5nd inte l\u00e4ngre var normalt.<\/span><\/p>\n\n\n\n<figure class=\"wp-block-pullquote\"><blockquote><p>Det k\u00e4ndes som om jag utk\u00e4mpade en kamp mot min egen kropp.<\/p><cite>INGA<\/cite><\/blockquote><\/figure>\n\n\n\n<p><span style=\"font-size: 12pt;\">Ungef\u00e4r tv\u00e5 och en halv m\u00e5nad efter insektsbettet i Australien fick jag diagnosen borrelia. P\u00e5 Island \u00e4r den h\u00e4r sjukdomen inte s\u00e5 v\u00e4lk\u00e4nd och jag fick k\u00e4mpa f\u00f6r att f\u00e5 diagnosen och sedan f\u00f6r att f\u00e5 l\u00e4mplig behandling. Jag ins\u00e5g snart att jag var ensam och att jag m\u00e5ste hitta mitt eget botemedel.<\/span><\/p>\n\n\n\n<p><span style=\"font-size: 12pt;\">F\u00f6r att l\u00e4gga till mitt nuvarande h\u00e4lsoproblem testades mitt hus f\u00f6r f\u00f6roreningar ungef\u00e4r tv\u00e5 \u00e5r efter min diagnos. Resultaten bekr\u00e4ftades och jag uppt\u00e4ckte att jag inte bara hade borrelia, utan att jag ocks\u00e5 led av \u00f6verdriven exponering f\u00f6r m\u00f6gel. F\u00f6rv\u00e5nansv\u00e4rt nog verkar det som om symtomen p\u00e5 m\u00f6gelexponering och borrelia \u00e4r j\u00e4mf\u00f6rbara. Detta gjorde det hela \u00e4nnu mer komplicerat eftersom jag inte hade n\u00e5gon m\u00f6jlighet att veta vad som var den faktiska orsaken till varje symptom.<\/span><\/p>\n\n\n\n<div class=\"wp-block-image\"><figure class=\"alignright\"><img loading=\"lazy\" width=\"650\" height=\"472\" src=\"https:\/\/www.echlorial.fr\/blog\/wp-content\/uploads\/2019\/10\/IngaBirnaBMW2.jpg\" alt=\"IngaBirnaBMW2\" class=\"wp-image-3605\" srcset=\"https:\/\/www.echlorial.se\/blog\/wp-content\/uploads\/2019\/10\/IngaBirnaBMW2.jpg 650w, https:\/\/www.echlorial.se\/blog\/wp-content\/uploads\/2019\/10\/IngaBirnaBMW2-300x218.jpg 300w\" sizes=\"(max-width: 650px) 100vw, 650px\" \/><\/figure><\/div>\n\n\n\n<p><span style=\"font-size: 12pt;\">N\u00e4r man inte f\u00f6rst\u00e5r vad som orsakar de problem man lider av b\u00f6rjar man tro att man h\u00e5ller p\u00e5 att bli galen. Ena dagen hade jag ont i h\u00f6ften, n\u00e4sta dag var det borta men jag kunde inte g\u00e5 och handla p\u00e5 grund av akut &#8221;mental dimma&#8221;. Jag b\u00f6rjade tappa minnet och ett tag trodde jag att jag hade Alzheimers. Jag var bara 35 \u00e5r gammal&#8230;.! Jag var tvungen att l\u00e4ra mig p\u00e5 nytt hur jag skulle anv\u00e4nda och stimulera mitt minne. Jag var tvungen att l\u00e4ra mig att hantera sm\u00e4rtan som p\u00e5verkade hela min kropp. Jag hade knappt tillr\u00e4ckligt med energi f\u00f6r att g\u00e5 till jobbet och g\u00e5 hem och sova. Jag orkade inte laga mat eller g\u00f6ra n\u00e5got i hemmet. Jag hade allvarliga bih\u00e5leinflammationer och var tvungen att ta 7-10 doser antibiotika per \u00e5r. Det k\u00e4ndes som om hela mitt immunf\u00f6rsvar h\u00f6ll p\u00e5 att kollapsa. Om jag best\u00e4mde mig f\u00f6r att g\u00e5 till gymmet eller simma, vilket jag \u00e4lskade p\u00e5 den tiden, tog det mig cirka tv\u00e5 veckor att \u00e5terh\u00e4mta mig efter ett enda tr\u00e4ningspass. Jag gick ocks\u00e5 upp i vikt, och hur mycket jag \u00e4n f\u00f6rs\u00f6kte komma i form s\u00e5 reagerade inte min kropp p\u00e5 n\u00e5got av allt stimuli. Det k\u00e4ndes som om jag utk\u00e4mpade en kamp mot min egen kropp&#8230; Jag b\u00f6rjade isolera mig eftersom jag inte kunde lindra mina symtom.<\/span><\/p>\n\n\n\n<p><span style=\"font-size: 12pt;\">Men s\u00e5 en dag vaknade jag och best\u00e4mde mig f\u00f6r att ta hand om en sak i taget, jag var fast besluten att l\u00f6sa mina problem, ett efter ett. Rom byggdes inte p\u00e5 en dag! Jag b\u00f6rjade med mitt hus. F\u00f6rst var jag tvungen att analysera min n\u00e4rmaste omgivning. Omfattningen av skadorna p\u00e5 mitt hus var l\u00e5ngt st\u00f6rre \u00e4n vad jag hade kunnat f\u00f6rest\u00e4lla mig&#8230;<\/span><\/p>\n\n\n\n<p><span style=\"font-size: 12pt;\">S\u00e5 jag b\u00f6rjade med att reparera mitt hus. P\u00e5 grund av min brist p\u00e5 energi var uppgiften enorm, s\u00e4rskilt som jag inte kunde g\u00f6ra s\u00e5 mycket p\u00e5 en g\u00e5ng. <\/span><\/p>\n\n\n\n<p><span style=\"font-size: 12pt;\">Renoveringen av mitt hus tog lite l\u00e4ngre tid \u00e4n v\u00e4ntat, men varje g\u00e5ng jag blev klar med en etapp k\u00e4nde jag mig lite b\u00e4ttre. Jag k\u00e4nde till och med att min kropp b\u00f6rjade lyssna igen och jag b\u00f6rjade g\u00e5 ner i vikt utan att jag t\u00e4nkte p\u00e5 det. Min energi b\u00f6rjade \u00e5terv\u00e4nda lite i taget. <\/span><\/p>\n\n\n\n<p><span style=\"font-size: 12pt;\">Min energi n\u00e5dde en punkt d\u00e4r jag kunde t\u00e4vla med motorcyklar f\u00f6r BMW i Sydafrika och jag blev en internationell BMW-instrukt\u00f6r f\u00f6r dirt bike.<\/span><\/p>\n\n\n\n<p><span style=\"font-size: 12pt;\">Men min h\u00e4lsa var inte perfekt, bara f\u00f6rb\u00e4ttrad. Jag var fortfarande l\u00e4tt utmattad, jag hade fortfarande sm\u00e4rtor, minnesproblem och mitt huvud k\u00e4ndes som bomullsull.<\/span><\/p>\n\n\n\n<figure class=\"wp-block-pullquote\"><blockquote><p>Nu kan jag g\u00e5 till gymmet i tre timmar utan att bli tr\u00f6tt.<\/p><cite>Inga<\/cite><\/blockquote><\/figure>\n\n\n\n<p><span style=\"font-size: 12pt;\">Jag fortsatte att analysera min dagliga milj\u00f6, b\u00e5de hemma och p\u00e5 jobbet. Jag uppt\u00e4ckte att m\u00f6gel och asbest hade en negativ inverkan p\u00e5 min h\u00e4lsa. S\u00e5 jag l\u00e4mnade polisen och b\u00f6rjade en ny fas i mitt liv.<\/span><\/p>\n\n\n\n<p><span style=\"font-size: 12pt;\">Jag har inte varit f\u00f6rkyld p\u00e5 tv\u00e5 och ett halvt \u00e5r nu! Min energi \u00e4r s\u00e5 h\u00f6g att jag kan g\u00e5 till gymmet i tre timmar utan att bli tr\u00f6tt. Jag kan k\u00f6ra motorcykel i 16 timmar utan att bli tr\u00f6tt. Jag opererade fotleden p\u00e5 en m\u00e5ndag och vaknade dagen efter operationen utan sm\u00e4rta och gick till gymmet dagen d\u00e4rp\u00e5. Jag har aldrig haft ont i fotleden igen. Jag har ett nackbr\u00e5ck mellan T6 och T7 och jag k\u00e4nner aldrig n\u00e5gon sm\u00e4rta. Mitt minne har f\u00f6rb\u00e4ttrats. Min hud har aldrig k\u00e4nts b\u00e4ttre. Folk s\u00e4ger att jag ser mycket yngre ut idag \u00e4n jag gjorde f\u00f6r 6 \u00e5r sedan. Mitt livsm\u00e5l \u00e4r nu att hj\u00e4lpa andra att hitta sin egen v\u00e4g och bli eller \u00e5ter bli den b\u00e4sta m\u00f6jliga versionen av sig sj\u00e4lva. <\/span><\/p>\n\n\n\n<div class=\"wp-block-image\"><figure class=\"alignright\"><img loading=\"lazy\" width=\"500\" height=\"500\" src=\"https:\/\/www.echlorial.fr\/blog\/wp-content\/uploads\/2019\/10\/IngaBirna_Coach.jpg\" alt=\"Inga Coach\" class=\"wp-image-3585\" srcset=\"https:\/\/www.echlorial.se\/blog\/wp-content\/uploads\/2019\/10\/IngaBirna_Coach.jpg 500w, https:\/\/www.echlorial.se\/blog\/wp-content\/uploads\/2019\/10\/IngaBirna_Coach-68x68.jpg 68w, https:\/\/www.echlorial.se\/blog\/wp-content\/uploads\/2019\/10\/IngaBirna_Coach-300x300.jpg 300w, https:\/\/www.echlorial.se\/blog\/wp-content\/uploads\/2019\/10\/IngaBirna_Coach-114x114.jpg 114w\" sizes=\"(max-width: 500px) 100vw, 500px\" \/><\/figure><\/div>\n\n\n\n<p><span style=\"font-size: 12pt;\">Min son har ocks\u00e5 drabbats av n\u00e5gra av de symtom som jag led av. Han brukade idrotta mycket och var medlem i det isl\u00e4ndska landslaget i gymnastik. Tyv\u00e4rr var han tvungen att sluta med idrotten p\u00e5 grund av sv\u00e5ra ledsm\u00e4rtor. Han b\u00f6rjade tappa h\u00e5ret och \u00f6gonbrynen&#8230;. Detta h\u00e4nde inte f\u00f6rr\u00e4n en m\u00e5nad efter att han opererats f\u00f6r tungmetallf\u00f6rgiftning orsakad av skruvar som implanterats i benet i hans underarm. Efter att ha tagit bort skruvarna och anv\u00e4nt chlorella v\u00e4xte allt hennes h\u00e5r och \u00f6gonbryn tillbaka inom 4 m\u00e5nader. <\/span><\/p>\n\n\n\n<p><span style=\"font-size: 12pt;\">Min hemlighet bakom v\u00e5r anm\u00e4rkningsv\u00e4rda \u00e5terh\u00e4mtning \u00e4r min anv\u00e4ndning av eChlorial mikroalger: <a href=\"https:\/\/www.echlorial.se\/14-chlorella-bio\">ekologisk chlorella<\/a>, <a href=\"https:\/\/www.echlorial.se\/16-spiruline-bio\">ekologisk spirulina<\/a> och <a href=\"https:\/\/www.echlorial.se\/17-astaxanthin\">astaxanthin<\/a>. Tillsammans med andra v\u00e4xtbaserade kosttillskott, speciella detoxbad och eliminering av livsmedelsprodukter som inneh\u00e5ller toxiner som kroppen inte kan bli av med. Jag har hj\u00e4lpt m\u00e5nga m\u00e4nniskor runt om i v\u00e4rlden med anm\u00e4rkningsv\u00e4rda resultat och ser fram emot att forts\u00e4tta arbeta med dessa fantastiska produkter. Jag kan bara uttrycka min tacksamhet \u00f6ver att ha hittat dessa naturprodukter, eftersom de utan tvekan har r\u00e4ddat mitt liv och gett mig den b\u00e4sta framtid jag kunde hoppas p\u00e5.<\/span><\/p>\n\n\n\n<p><span style=\"font-size: 12pt;\">Alla har olika bakgrund och ingen behandling \u00e4r den andra lik. N\u00e4r vi hj\u00e4lper m\u00e4nniskor fokuserar vi p\u00e5 att hitta orsaken till symtomen och sedan hittar vi tillsammans en l\u00e4mplig behandling.<\/span><\/p>\n\n\n\n<p><span style=\"font-size: 12pt;\">Jag k\u00e4nner att det \u00e4r min plikt att ge andra en chans till ett b\u00e4ttre liv med hj\u00e4lp av den kunskap jag har f\u00e5tt under de 6 \u00e5r jag har k\u00e4mpat f\u00f6r att \u00e5terf\u00e5 min och min sons h\u00e4lsa. Om n\u00e5gon vill kontakta mig personligen finns h\u00e4r min e-postadress: <strong>inga.ironfit(at)gmail.com.<\/strong> <\/span><\/p>\n\n\n\n<p><span style=\"font-size: 12pt;\">Mitt favoritcitat liknar det s\u00e4tt p\u00e5 vilket jag lever mitt liv: &#8221;\u00c4lska det liv du lever, lev det liv du \u00e4lskar&#8221;!<\/span><\/p>\n\n\n\n<p><span style=\"font-size: 12pt;\"><strong>F\u00f6rfattare:<\/strong> <a href=\"https:\/\/www.maturoglist.com\/um-mig\">Inga Birna Erlingsdottir<\/a><\/span><br><span style=\"font-size: 12pt;\">[Ursprungligen \u00f6versatt fr\u00e5n engelska]<\/span><\/p>\n\n\n\n<p><span style=\"font-size: 12pt;\"><strong>Notering fr\u00e5n eChlorial-teamet:<\/strong> Vi vill betona att de personer som intervjuas eller som ger vittnesm\u00e5l p\u00e5 v\u00e5r blogg g\u00f6r det i all uppriktighet och utan n\u00e5gon intressekonflikt.<\/span><\/p>\n","protected":false},"excerpt":{"rendered":"<p>H\u00e4r \u00e4r en r\u00f6rande ber\u00e4ttelse fr\u00e5n Inga Birna Erlingsdottir, en lojal isl\u00e4ndsk kund som vi har haft n\u00f6jet att prata med under en l\u00e4ngre tid. Vi bad henne g\u00f6ra en intervju med oss f\u00f6r flera m\u00e5nader sedan f\u00f6r att ber\u00e4tta om sin ovanliga karri\u00e4rv\u00e4g. Det blev ett riktigt vittnesm\u00e5l, som vi delar med oss av [&hellip;]<\/p>\n","protected":false},"author":1,"featured_media":0,"comment_status":"open","ping_status":"open","sticky":false,"template":"","format":"standard","meta":[],"categories":[697],"tags":[],"acf":[],"yoast_head":"<!-- This site is optimized with the Yoast SEO plugin v19.7.1 - https:\/\/yoast.com\/wordpress\/plugins\/seo\/ -->\n<title>Ingas kamp<\/title>\n<meta name=\"description\" content=\"Ungef\u00e4r tv\u00e5 och en halv m\u00e5nad efter insektsbettet i Australien fick jag diagnosen borrelia. P\u00e5 Island finns det lite kunskap\" \/>\n<meta name=\"robots\" content=\"index, follow, max-snippet:-1, max-image-preview:large, max-video-preview:-1\" \/>\n<link rel=\"canonical\" href=\"https:\/\/www.echlorial.se\/blog\/inga-island-lyme\/\" \/>\n<meta property=\"og:locale\" content=\"sv_SE\" \/>\n<meta property=\"og:type\" content=\"article\" \/>\n<meta property=\"og:title\" content=\"Ingas kamp\" \/>\n<meta property=\"og:description\" content=\"Ungef\u00e4r tv\u00e5 och en halv m\u00e5nad efter insektsbettet i Australien fick jag diagnosen borrelia. P\u00e5 Island finns det lite kunskap\" \/>\n<meta property=\"og:url\" content=\"https:\/\/www.echlorial.se\/blog\/inga-island-lyme\/\" \/>\n<meta property=\"og:site_name\" content=\"eChlorial\" \/>\n<meta property=\"article:published_time\" content=\"2019-10-16T10:21:13+00:00\" \/>\n<meta property=\"article:modified_time\" content=\"2025-10-07T16:34:58+00:00\" \/>\n<meta property=\"og:image\" content=\"https:\/\/www.echlorial.fr\/blog\/wp-content\/uploads\/2019\/10\/IngaBirna_Police.jpg\" \/>\n<meta name=\"author\" content=\"admin_echlorial\" \/>\n<meta name=\"twitter:label1\" content=\"Skriven av\" \/>\n\t<meta name=\"twitter:data1\" content=\"admin_echlorial\" \/>\n\t<meta name=\"twitter:label2\" content=\"Ber\u00e4knad l\u00e4stid\" \/>\n\t<meta name=\"twitter:data2\" content=\"9 minuter\" \/>\n<script type=\"application\/ld+json\" class=\"yoast-schema-graph\">{\"@context\":\"https:\/\/schema.org\",\"@graph\":[{\"@type\":\"WebPage\",\"@id\":\"https:\/\/www.echlorial.se\/blog\/inga-island-lyme\/\",\"url\":\"https:\/\/www.echlorial.se\/blog\/inga-island-lyme\/\",\"name\":\"Ingas kamp\",\"isPartOf\":{\"@id\":\"https:\/\/www.echlorial.fr\/blog\/#website\"},\"datePublished\":\"2019-10-16T10:21:13+00:00\",\"dateModified\":\"2025-10-07T16:34:58+00:00\",\"author\":{\"@id\":\"https:\/\/www.echlorial.fr\/blog\/#\/schema\/person\/0e76c63d04141dd4ae797ce19887e7a6\"},\"description\":\"Ungef\u00e4r tv\u00e5 och en halv m\u00e5nad efter insektsbettet i Australien fick jag diagnosen borrelia. P\u00e5 Island finns det lite kunskap\",\"breadcrumb\":{\"@id\":\"https:\/\/www.echlorial.se\/blog\/inga-island-lyme\/#breadcrumb\"},\"inLanguage\":\"sv-SE\",\"potentialAction\":[{\"@type\":\"ReadAction\",\"target\":[\"https:\/\/www.echlorial.se\/blog\/inga-island-lyme\/\"]}]},{\"@type\":\"BreadcrumbList\",\"@id\":\"https:\/\/www.echlorial.se\/blog\/inga-island-lyme\/#breadcrumb\",\"itemListElement\":[{\"@type\":\"ListItem\",\"position\":1,\"name\":\"Hem\",\"item\":\"https:\/\/www.echlorial.se\/\"},{\"@type\":\"ListItem\",\"position\":2,\"name\":\"Intervjuer\",\"item\":\"https:\/\/www.echlorial.se\/blog\/category\/intervjuer\/\"},{\"@type\":\"ListItem\",\"position\":3,\"name\":\"Ingas kamp\"}]},{\"@type\":\"WebSite\",\"@id\":\"https:\/\/www.echlorial.fr\/blog\/#website\",\"url\":\"https:\/\/www.echlorial.fr\/blog\/\",\"name\":\"eChlorial\",\"description\":\"Chlorella extra pure cultiv\u00e9e sous tube de verre en Allemagne\",\"potentialAction\":[{\"@type\":\"SearchAction\",\"target\":{\"@type\":\"EntryPoint\",\"urlTemplate\":\"https:\/\/www.echlorial.fr\/blog\/?s={search_term_string}\"},\"query-input\":\"required name=search_term_string\"}],\"inLanguage\":\"sv-SE\"},{\"@type\":\"Person\",\"@id\":\"https:\/\/www.echlorial.fr\/blog\/#\/schema\/person\/0e76c63d04141dd4ae797ce19887e7a6\",\"name\":\"admin_echlorial\",\"sameAs\":[\"http:\/\/www.echlorial.fr\"],\"url\":\"https:\/\/www.echlorial.se\/blog\/author\/admin_echlorial\/\"}]}<\/script>\n<!-- \/ Yoast SEO plugin. -->","yoast_head_json":{"title":"Ingas kamp","description":"Ungef\u00e4r tv\u00e5 och en halv m\u00e5nad efter insektsbettet i Australien fick jag diagnosen borrelia. P\u00e5 Island finns det lite kunskap","robots":{"index":"index","follow":"follow","max-snippet":"max-snippet:-1","max-image-preview":"max-image-preview:large","max-video-preview":"max-video-preview:-1"},"canonical":"https:\/\/www.echlorial.se\/blog\/inga-island-lyme\/","og_locale":"sv_SE","og_type":"article","og_title":"Ingas kamp","og_description":"Ungef\u00e4r tv\u00e5 och en halv m\u00e5nad efter insektsbettet i Australien fick jag diagnosen borrelia. P\u00e5 Island finns det lite kunskap","og_url":"https:\/\/www.echlorial.se\/blog\/inga-island-lyme\/","og_site_name":"eChlorial","article_published_time":"2019-10-16T10:21:13+00:00","article_modified_time":"2025-10-07T16:34:58+00:00","og_image":[{"url":"https:\/\/www.echlorial.fr\/blog\/wp-content\/uploads\/2019\/10\/IngaBirna_Police.jpg"}],"author":"admin_echlorial","twitter_misc":{"Skriven av":"admin_echlorial","Ber\u00e4knad l\u00e4stid":"9 minuter"},"schema":{"@context":"https:\/\/schema.org","@graph":[{"@type":"WebPage","@id":"https:\/\/www.echlorial.se\/blog\/inga-island-lyme\/","url":"https:\/\/www.echlorial.se\/blog\/inga-island-lyme\/","name":"Ingas kamp","isPartOf":{"@id":"https:\/\/www.echlorial.fr\/blog\/#website"},"datePublished":"2019-10-16T10:21:13+00:00","dateModified":"2025-10-07T16:34:58+00:00","author":{"@id":"https:\/\/www.echlorial.fr\/blog\/#\/schema\/person\/0e76c63d04141dd4ae797ce19887e7a6"},"description":"Ungef\u00e4r tv\u00e5 och en halv m\u00e5nad efter insektsbettet i Australien fick jag diagnosen borrelia. P\u00e5 Island finns det lite kunskap","breadcrumb":{"@id":"https:\/\/www.echlorial.se\/blog\/inga-island-lyme\/#breadcrumb"},"inLanguage":"sv-SE","potentialAction":[{"@type":"ReadAction","target":["https:\/\/www.echlorial.se\/blog\/inga-island-lyme\/"]}]},{"@type":"BreadcrumbList","@id":"https:\/\/www.echlorial.se\/blog\/inga-island-lyme\/#breadcrumb","itemListElement":[{"@type":"ListItem","position":1,"name":"Hem","item":"https:\/\/www.echlorial.se\/"},{"@type":"ListItem","position":2,"name":"Intervjuer","item":"https:\/\/www.echlorial.se\/blog\/category\/intervjuer\/"},{"@type":"ListItem","position":3,"name":"Ingas kamp"}]},{"@type":"WebSite","@id":"https:\/\/www.echlorial.fr\/blog\/#website","url":"https:\/\/www.echlorial.fr\/blog\/","name":"eChlorial","description":"Chlorella extra pure cultiv\u00e9e sous tube de verre en Allemagne","potentialAction":[{"@type":"SearchAction","target":{"@type":"EntryPoint","urlTemplate":"https:\/\/www.echlorial.fr\/blog\/?s={search_term_string}"},"query-input":"required name=search_term_string"}],"inLanguage":"sv-SE"},{"@type":"Person","@id":"https:\/\/www.echlorial.fr\/blog\/#\/schema\/person\/0e76c63d04141dd4ae797ce19887e7a6","name":"admin_echlorial","sameAs":["http:\/\/www.echlorial.fr"],"url":"https:\/\/www.echlorial.se\/blog\/author\/admin_echlorial\/"}]}},"_links":{"self":[{"href":"https:\/\/www.echlorial.se\/blog\/wp-json\/wp\/v2\/posts\/11787"}],"collection":[{"href":"https:\/\/www.echlorial.se\/blog\/wp-json\/wp\/v2\/posts"}],"about":[{"href":"https:\/\/www.echlorial.se\/blog\/wp-json\/wp\/v2\/types\/post"}],"author":[{"embeddable":true,"href":"https:\/\/www.echlorial.se\/blog\/wp-json\/wp\/v2\/users\/1"}],"replies":[{"embeddable":true,"href":"https:\/\/www.echlorial.se\/blog\/wp-json\/wp\/v2\/comments?post=11787"}],"version-history":[{"count":1,"href":"https:\/\/www.echlorial.se\/blog\/wp-json\/wp\/v2\/posts\/11787\/revisions"}],"predecessor-version":[{"id":11993,"href":"https:\/\/www.echlorial.se\/blog\/wp-json\/wp\/v2\/posts\/11787\/revisions\/11993"}],"wp:attachment":[{"href":"https:\/\/www.echlorial.se\/blog\/wp-json\/wp\/v2\/media?parent=11787"}],"wp:term":[{"taxonomy":"category","embeddable":true,"href":"https:\/\/www.echlorial.se\/blog\/wp-json\/wp\/v2\/categories?post=11787"},{"taxonomy":"post_tag","embeddable":true,"href":"https:\/\/www.echlorial.se\/blog\/wp-json\/wp\/v2\/tags?post=11787"}],"curies":[{"name":"wp","href":"https:\/\/api.w.org\/{rel}","templated":true}]}}