{"id":11831,"date":"2022-12-12T10:51:49","date_gmt":"2022-12-12T10:51:49","guid":{"rendered":"https:\/\/www.echlorial.fr\/blog\/radio-frankrike-chlorella\/"},"modified":"2025-10-07T16:35:22","modified_gmt":"2025-10-07T16:35:22","slug":"radio-frankrike-chlorella","status":"publish","type":"post","link":"https:\/\/www.echlorial.se\/blog\/radio-frankrike-chlorella\/","title":{"rendered":"Radio France pratar om Chlorella!"},"content":{"rendered":"\n<p>F\u00f6r att fira eChlorials 20-\u00e5rsjubileum bes\u00f6kte No\u00e9mie Philippot, journalist p\u00e5 France Bleu Is\u00e8re, oss f\u00f6r att diskutera v\u00e5ra framsteg och planer. V\u00e5rt team sitter nu bekv\u00e4mt installerat p\u00e5 Espace <a href=\"https:\/\/www.espace-harmonia.fr\" target=\"_blank\" rel=\"noreferrer noopener\">Harmonia<\/a> i Vaulx Milieu f\u00f6r att utveckla sin verksamhet. I intervjun mellan <a href=\"https:\/\/www.echlorial.se\/blog\/doktor-muriel-cathaud\/\">Muriel Cathaud<\/a>, grundare av Intellimed (eChlorial) och journalisten, n\u00e4mns egenskaperna hos <a href=\"https:\/\/www.echlorial.se\/blog\/chlorella-vad-ar\/\"><strong>chlorella<\/strong><\/a> och dess dragningskraft p\u00e5 toppkockar som <a href=\"https:\/\/www.echlorial.se\/blog\/plankton-pierre-gagnaire\/\">Pierre Gagnaire<\/a>, som gillar att inf\u00f6rliva plankton i sin matlagning!<\/p>\n\n\n\n<p><strong>Nedan finns en inspelning av intervjun:<\/strong><\/p>\n\n\n\n<div class=\"wp-block-image is-style-default\"><figure class=\"aligncenter size-full\"><img loading=\"lazy\" width=\"82\" height=\"82\" src=\"https:\/\/www.echlorial.fr\/blog\/wp-content\/uploads\/2022\/12\/France_Bleu_logo.jpg\" alt=\"\" class=\"wp-image-6313\" srcset=\"https:\/\/www.echlorial.se\/blog\/wp-content\/uploads\/2022\/12\/France_Bleu_logo.jpg 82w, https:\/\/www.echlorial.se\/blog\/wp-content\/uploads\/2022\/12\/France_Bleu_logo-68x68.jpg 68w\" sizes=\"(max-width: 82px) 100vw, 82px\" \/><\/figure><\/div>\n\n\n\n<figure class=\"wp-block-audio\"><audio controls src=\"https:\/\/www.echlorial.fr\/blog\/wp-content\/uploads\/2022\/12\/InterviewECHLORIAL-FranceBleu.ogg\"><\/audio><figcaption>Intervju France Bleu &#8211; Muriel Cathaud \/ No\u00e9mie Philippot &#8211; eChlorial. K\u00e4lla: France Bleu<\/figcaption><\/figure>\n\n\n\n<h3>Utdrag ur intervjun:<\/h3>\n\n\n\n<h2>Detta f\u00f6retag fr\u00e5n Nord-Is\u00e8re s\u00e4ljer mikroalger till stj\u00e4rnkockar<\/h2>\n\n\n\n<p><em>Av No\u00e9mie Philippot<\/em><br><strong>T\u00e4nk om du \u00e5t t\u00e5ng f\u00f6r att ge din kropp en boost? Det \u00e4r vad Intellimed, ett f\u00f6retag baserat i Vaulx Milieu i Nord-Is\u00e8re-regionen, har att erbjuda. F\u00f6retaget firar 20-\u00e5rsjubileum och planerar att expandera till den amerikanska marknaden.<\/strong><\/p>\n\n\n\n<div class=\"wp-block-image\"><figure class=\"alignright size-full\"><img loading=\"lazy\" width=\"475\" height=\"326\" src=\"https:\/\/www.echlorial.fr\/blog\/wp-content\/uploads\/2022\/12\/Gamme-eChlorial-small.jpg\" alt=\"\" class=\"wp-image-6321\" srcset=\"https:\/\/www.echlorial.se\/blog\/wp-content\/uploads\/2022\/12\/Gamme-eChlorial-small.jpg 475w, https:\/\/www.echlorial.se\/blog\/wp-content\/uploads\/2022\/12\/Gamme-eChlorial-small-300x206.jpg 300w, https:\/\/www.echlorial.se\/blog\/wp-content\/uploads\/2022\/12\/Gamme-eChlorial-small-160x110.jpg 160w\" sizes=\"(max-width: 475px) 100vw, 475px\" \/><figcaption>Mikroalgerna Chlorella, Spirulina, Astaxanthin, Omega 3<\/figcaption><\/figure><\/div>\n\n\n\n<p>Chlorella \u00e4r en pytteliten alg med f\u00f6rdelar som Intellimed framh\u00e5ller. Den har marknadsf\u00f6rts i Frankrike i 20 \u00e5r. Den \u00e4r fortfarande mindre v\u00e4lk\u00e4nd \u00e4n spirulina, men Muriel Cathaud har f\u00f6r avsikt att g\u00f6ra den till ett k\u00e4nt namn. F\u00f6r att expandera flyttade hon f\u00f6r drygt ett \u00e5r sedan sin verksamhet fr\u00e5n hemmet till Espace Harmonias lokaler i Vaulx-Milieu i norra Is\u00e8re. P\u00e5 internet har hon tagit namnet p\u00e5 det produktm\u00e4rke hon s\u00e4ljer: eChlorial.<\/p>\n\n\n\n<p><strong>France Bleu Is\u00e8re: Ert f\u00f6retag firar 20-\u00e5rsjubileum. Vad \u00e4r dess historia? F\u00f6r allt b\u00f6rjade ju v\u00e4ldigt sm\u00e5tt&#8230;<\/strong><\/p>\n\n\n\n<p><strong>Muriel Cathaud:<\/strong> Ja, det b\u00f6rjade f\u00f6r 20 \u00e5r sedan med att skapa ett konsultf\u00f6retag f\u00f6r teknik\u00f6verf\u00f6ring. Och samtidigt uppt\u00e4ckte jag en liten alg som jag anser vara&#8230; inte magisk, men oerh\u00f6rt v\u00e4rdefull f\u00f6r h\u00e4lsan, genom en v\u00e4n som hade hj\u00e4lpt till att utveckla metoden f\u00f6r att producera denna alg i ett glasr\u00f6r f\u00f6r att f\u00e5 en extremt ren och ren produkt. Han f\u00f6reslog att jag skulle marknadsf\u00f6ra den i Frankrike, och den h\u00e4r lilla algen kallas chlorella.<\/p>\n\n\n\n<p><strong>Vilken effekt har den p\u00e5 h\u00e4lsan?<\/strong><\/p>\n\n\n\n<p>Det \u00e4r en cocktail av n\u00e4rings\u00e4mnen som \u00e4r extremt gynnsamma f\u00f6r h\u00e4lsan. F\u00f6r det f\u00f6rsta eliminerar den de brister som vi alla har, och dess f\u00f6rsta f\u00f6rdel \u00e4r att arbeta p\u00e5 tarmen, p\u00e5 tarmens <a href=\"https:\/\/www.echlorial.se\/blog\/tarmar-tanker-200-miljoner-neuroner\/\">mikrobiota<\/a>. Det f\u00f6rsta den g\u00f6r \u00e4r att reng\u00f6ra och \u00e5terbalansera den.<\/p>\n\n\n\n<p><strong>T\u00e4nk p\u00e5 att detta inte \u00e4r en produkt som bara kan anv\u00e4ndas hemma. Kockar som kallar p\u00e5 dig!<\/strong><\/p>\n\n\n\n<p>Ja, det \u00e4r en produkt som f\u00f6rblir konfidentiell f\u00f6r alla. Men toppkockar, som \u00e4r v\u00e4linformerade, och vissa som \u00e4r mycket intresserade av produkter fr\u00e5n Asien, i synnerhet kockar som&#8230;<\/p>\n\n\n\n<p><strong>Hela artikeln : <\/strong><a href=\"https:\/\/www.francebleu.fr\/infos\/economie-social\/cette-entreprise-du-nord-isere-vend-des-micro-algues-aux-chefs-etoiles-7769894\" target=\"_blank\" rel=\"nofollow noreferrer noopener\">Detta f\u00f6retag fr\u00e5n Nord-Is\u00e8re s\u00e4ljer mikroalger till stj\u00e4rnkockar<\/a><\/p>\n","protected":false},"excerpt":{"rendered":"<p>F\u00f6r att fira eChlorials 20-\u00e5rsjubileum bes\u00f6kte No\u00e9mie Philippot, journalist p\u00e5 France Bleu Is\u00e8re, oss f\u00f6r att diskutera v\u00e5ra framsteg och planer. V\u00e5rt team sitter nu bekv\u00e4mt installerat p\u00e5 Espace Harmonia i Vaulx Milieu f\u00f6r att utveckla sin verksamhet. I intervjun mellan Muriel Cathaud, grundare av Intellimed (eChlorial) och journalisten, n\u00e4mns egenskaperna hos chlorella och dess [&hellip;]<\/p>\n","protected":false},"author":1,"featured_media":0,"comment_status":"open","ping_status":"open","sticky":false,"template":"","format":"standard","meta":[],"categories":[710,607],"tags":[609],"acf":[],"yoast_head":"<!-- This site is optimized with the Yoast SEO plugin v19.7.1 - https:\/\/yoast.com\/wordpress\/plugins\/seo\/ -->\n<title>Radio France pratar om Chlorella!<\/title>\n<meta name=\"description\" content=\"I intervjun mellan Muriel Cathaud, grundare av Intellimed, och journalisten n\u00e4mns chlorellans egenskaper och i synnerhet dess intresse f\u00f6r toppkockar som Pierre Gagnaire som gillar att inf\u00f6rliva plankton i sin matlagning!\" \/>\n<meta name=\"robots\" content=\"index, follow, max-snippet:-1, max-image-preview:large, max-video-preview:-1\" \/>\n<link rel=\"canonical\" href=\"https:\/\/www.echlorial.se\/blog\/radio-frankrike-chlorella\/\" \/>\n<meta property=\"og:locale\" content=\"sv_SE\" \/>\n<meta property=\"og:type\" content=\"article\" \/>\n<meta property=\"og:title\" content=\"Radio France pratar om Chlorella!\" \/>\n<meta property=\"og:description\" content=\"I intervjun mellan Muriel Cathaud, grundare av Intellimed, och journalisten n\u00e4mns chlorellans egenskaper och i synnerhet dess intresse f\u00f6r toppkockar som Pierre Gagnaire som gillar att inf\u00f6rliva plankton i sin matlagning!\" \/>\n<meta property=\"og:url\" content=\"https:\/\/www.echlorial.se\/blog\/radio-frankrike-chlorella\/\" \/>\n<meta property=\"og:site_name\" content=\"eChlorial\" \/>\n<meta property=\"article:published_time\" content=\"2022-12-12T10:51:49+00:00\" \/>\n<meta property=\"article:modified_time\" content=\"2025-10-07T16:35:22+00:00\" \/>\n<meta property=\"og:image\" content=\"https:\/\/www.echlorial.fr\/blog\/wp-content\/uploads\/2022\/12\/France_Bleu_logo.jpg\" \/>\n<meta name=\"author\" content=\"admin_echlorial\" \/>\n<meta name=\"twitter:label1\" content=\"Skriven av\" \/>\n\t<meta name=\"twitter:data1\" content=\"admin_echlorial\" \/>\n\t<meta name=\"twitter:label2\" content=\"Ber\u00e4knad l\u00e4stid\" \/>\n\t<meta name=\"twitter:data2\" content=\"3 minuter\" \/>\n<script type=\"application\/ld+json\" class=\"yoast-schema-graph\">{\"@context\":\"https:\/\/schema.org\",\"@graph\":[{\"@type\":\"WebPage\",\"@id\":\"https:\/\/www.echlorial.se\/blog\/radio-frankrike-chlorella\/\",\"url\":\"https:\/\/www.echlorial.se\/blog\/radio-frankrike-chlorella\/\",\"name\":\"Radio France pratar om Chlorella!\",\"isPartOf\":{\"@id\":\"https:\/\/www.echlorial.com\/blog\/#website\"},\"datePublished\":\"2022-12-12T10:51:49+00:00\",\"dateModified\":\"2025-10-07T16:35:22+00:00\",\"author\":{\"@id\":\"https:\/\/www.echlorial.com\/blog\/#\/schema\/person\/0e76c63d04141dd4ae797ce19887e7a6\"},\"description\":\"I intervjun mellan Muriel Cathaud, grundare av Intellimed, och journalisten n\u00e4mns chlorellans egenskaper och i synnerhet dess intresse f\u00f6r toppkockar som Pierre Gagnaire som gillar att inf\u00f6rliva plankton i sin matlagning!\",\"breadcrumb\":{\"@id\":\"https:\/\/www.echlorial.se\/blog\/radio-frankrike-chlorella\/#breadcrumb\"},\"inLanguage\":\"sv-SE\",\"potentialAction\":[{\"@type\":\"ReadAction\",\"target\":[\"https:\/\/www.echlorial.se\/blog\/radio-frankrike-chlorella\/\"]}]},{\"@type\":\"BreadcrumbList\",\"@id\":\"https:\/\/www.echlorial.se\/blog\/radio-frankrike-chlorella\/#breadcrumb\",\"itemListElement\":[{\"@type\":\"ListItem\",\"position\":1,\"name\":\"Hem\",\"item\":\"https:\/\/www.echlorial.se\/\"},{\"@type\":\"ListItem\",\"position\":2,\"name\":\"Okategoriserad\",\"item\":\"https:\/\/www.echlorial.com\/blog\/category\/scienceandnews\/\"},{\"@type\":\"ListItem\",\"position\":3,\"name\":\"Radio France pratar om Chlorella!\"}]},{\"@type\":\"WebSite\",\"@id\":\"https:\/\/www.echlorial.com\/blog\/#website\",\"url\":\"https:\/\/www.echlorial.com\/blog\/\",\"name\":\"eChlorial\",\"description\":\"Chlorella extra pure cultiv\u00e9e sous tube de verre en Allemagne\",\"potentialAction\":[{\"@type\":\"SearchAction\",\"target\":{\"@type\":\"EntryPoint\",\"urlTemplate\":\"https:\/\/www.echlorial.com\/blog\/?s={search_term_string}\"},\"query-input\":\"required name=search_term_string\"}],\"inLanguage\":\"sv-SE\"},{\"@type\":\"Person\",\"@id\":\"https:\/\/www.echlorial.com\/blog\/#\/schema\/person\/0e76c63d04141dd4ae797ce19887e7a6\",\"name\":\"admin_echlorial\",\"sameAs\":[\"http:\/\/www.echlorial.fr\"],\"url\":\"https:\/\/www.echlorial.se\/blog\/author\/admin_echlorial\/\"}]}<\/script>\n<!-- \/ Yoast SEO plugin. -->","yoast_head_json":{"title":"Radio France pratar om Chlorella!","description":"I intervjun mellan Muriel Cathaud, grundare av Intellimed, och journalisten n\u00e4mns chlorellans egenskaper och i synnerhet dess intresse f\u00f6r toppkockar som Pierre Gagnaire som gillar att inf\u00f6rliva plankton i sin matlagning!","robots":{"index":"index","follow":"follow","max-snippet":"max-snippet:-1","max-image-preview":"max-image-preview:large","max-video-preview":"max-video-preview:-1"},"canonical":"https:\/\/www.echlorial.se\/blog\/radio-frankrike-chlorella\/","og_locale":"sv_SE","og_type":"article","og_title":"Radio France pratar om Chlorella!","og_description":"I intervjun mellan Muriel Cathaud, grundare av Intellimed, och journalisten n\u00e4mns chlorellans egenskaper och i synnerhet dess intresse f\u00f6r toppkockar som Pierre Gagnaire som gillar att inf\u00f6rliva plankton i sin matlagning!","og_url":"https:\/\/www.echlorial.se\/blog\/radio-frankrike-chlorella\/","og_site_name":"eChlorial","article_published_time":"2022-12-12T10:51:49+00:00","article_modified_time":"2025-10-07T16:35:22+00:00","og_image":[{"url":"https:\/\/www.echlorial.fr\/blog\/wp-content\/uploads\/2022\/12\/France_Bleu_logo.jpg"}],"author":"admin_echlorial","twitter_misc":{"Skriven av":"admin_echlorial","Ber\u00e4knad l\u00e4stid":"3 minuter"},"schema":{"@context":"https:\/\/schema.org","@graph":[{"@type":"WebPage","@id":"https:\/\/www.echlorial.se\/blog\/radio-frankrike-chlorella\/","url":"https:\/\/www.echlorial.se\/blog\/radio-frankrike-chlorella\/","name":"Radio France pratar om Chlorella!","isPartOf":{"@id":"https:\/\/www.echlorial.com\/blog\/#website"},"datePublished":"2022-12-12T10:51:49+00:00","dateModified":"2025-10-07T16:35:22+00:00","author":{"@id":"https:\/\/www.echlorial.com\/blog\/#\/schema\/person\/0e76c63d04141dd4ae797ce19887e7a6"},"description":"I intervjun mellan Muriel Cathaud, grundare av Intellimed, och journalisten n\u00e4mns chlorellans egenskaper och i synnerhet dess intresse f\u00f6r toppkockar som Pierre Gagnaire som gillar att inf\u00f6rliva plankton i sin matlagning!","breadcrumb":{"@id":"https:\/\/www.echlorial.se\/blog\/radio-frankrike-chlorella\/#breadcrumb"},"inLanguage":"sv-SE","potentialAction":[{"@type":"ReadAction","target":["https:\/\/www.echlorial.se\/blog\/radio-frankrike-chlorella\/"]}]},{"@type":"BreadcrumbList","@id":"https:\/\/www.echlorial.se\/blog\/radio-frankrike-chlorella\/#breadcrumb","itemListElement":[{"@type":"ListItem","position":1,"name":"Hem","item":"https:\/\/www.echlorial.se\/"},{"@type":"ListItem","position":2,"name":"Okategoriserad","item":"https:\/\/www.echlorial.com\/blog\/category\/scienceandnews\/"},{"@type":"ListItem","position":3,"name":"Radio France pratar om Chlorella!"}]},{"@type":"WebSite","@id":"https:\/\/www.echlorial.com\/blog\/#website","url":"https:\/\/www.echlorial.com\/blog\/","name":"eChlorial","description":"Chlorella extra pure cultiv\u00e9e sous tube de verre en Allemagne","potentialAction":[{"@type":"SearchAction","target":{"@type":"EntryPoint","urlTemplate":"https:\/\/www.echlorial.com\/blog\/?s={search_term_string}"},"query-input":"required name=search_term_string"}],"inLanguage":"sv-SE"},{"@type":"Person","@id":"https:\/\/www.echlorial.com\/blog\/#\/schema\/person\/0e76c63d04141dd4ae797ce19887e7a6","name":"admin_echlorial","sameAs":["http:\/\/www.echlorial.fr"],"url":"https:\/\/www.echlorial.se\/blog\/author\/admin_echlorial\/"}]}},"_links":{"self":[{"href":"https:\/\/www.echlorial.se\/blog\/wp-json\/wp\/v2\/posts\/11831"}],"collection":[{"href":"https:\/\/www.echlorial.se\/blog\/wp-json\/wp\/v2\/posts"}],"about":[{"href":"https:\/\/www.echlorial.se\/blog\/wp-json\/wp\/v2\/types\/post"}],"author":[{"embeddable":true,"href":"https:\/\/www.echlorial.se\/blog\/wp-json\/wp\/v2\/users\/1"}],"replies":[{"embeddable":true,"href":"https:\/\/www.echlorial.se\/blog\/wp-json\/wp\/v2\/comments?post=11831"}],"version-history":[{"count":1,"href":"https:\/\/www.echlorial.se\/blog\/wp-json\/wp\/v2\/posts\/11831\/revisions"}],"predecessor-version":[{"id":12016,"href":"https:\/\/www.echlorial.se\/blog\/wp-json\/wp\/v2\/posts\/11831\/revisions\/12016"}],"wp:attachment":[{"href":"https:\/\/www.echlorial.se\/blog\/wp-json\/wp\/v2\/media?parent=11831"}],"wp:term":[{"taxonomy":"category","embeddable":true,"href":"https:\/\/www.echlorial.se\/blog\/wp-json\/wp\/v2\/categories?post=11831"},{"taxonomy":"post_tag","embeddable":true,"href":"https:\/\/www.echlorial.se\/blog\/wp-json\/wp\/v2\/tags?post=11831"}],"curies":[{"name":"wp","href":"https:\/\/api.w.org\/{rel}","templated":true}]}}