{"id":12230,"date":"2026-03-03T09:22:45","date_gmt":"2026-03-03T09:22:45","guid":{"rendered":"https:\/\/www.echlorial.fr\/blog\/astaxanthin-smarta-i-munhalan\/"},"modified":"2026-03-03T09:22:45","modified_gmt":"2026-03-03T09:22:45","slug":"astaxanthin-smarta-i-munhalan","status":"publish","type":"post","link":"https:\/\/www.echlorial.se\/blog\/astaxanthin-smarta-i-munhalan\/","title":{"rendered":"Effekter p\u00e5 gikt"},"content":{"rendered":"\n<p>Jag gjorde en AstaZen-kur under en m\u00e5nad och h\u00e4r \u00e4r vad jag kunde konstatera: en f\u00f6rb\u00e4ttring av synen, b\u00e5de p\u00e5 avst\u00e5nd och framf\u00f6r allt p\u00e5 n\u00e4ra h\u00e5ll. Jag hade skaffat glas\u00f6gon f\u00f6r att l\u00e4sa och efter denna kur anv\u00e4nder jag dem n\u00e4stan inte l\u00e4ngre. Det intressanta \u00e4r att dessa f\u00f6rb\u00e4ttringar kvarst\u00e5r i minst 6 m\u00e5nader! N\u00e4r det g\u00e4ller h\u00e4lsan har jag ocks\u00e5 m\u00e4rkt att jag \u00e4r mindre tr\u00f6tt och mer energisk, men ocks\u00e5 att mina ledv\u00e4rk har minskat. Det \u00e4r en liten minskning, men p\u00e5 l\u00e5ng sikt \u00e4r det mycket m\u00e4rkbart n\u00e4r det g\u00e4ller de latenta sm\u00e4rtorna fr\u00e5n gikt. Det hindrar inte gikten fr\u00e5n att komma tillbaka, men det begr\u00e4nsar dess p\u00e5verkan \u00f6ver tid.<\/p>\n","protected":false},"excerpt":{"rendered":"<p>Jag gjorde en AstaZen-kur under en m\u00e5nad och h\u00e4r \u00e4r vad jag kunde konstatera: en f\u00f6rb\u00e4ttring av synen, b\u00e5de p\u00e5 avst\u00e5nd och framf\u00f6r allt p\u00e5 n\u00e4ra h\u00e5ll. Jag hade skaffat glas\u00f6gon f\u00f6r att l\u00e4sa och efter denna kur anv\u00e4nder jag dem n\u00e4stan inte l\u00e4ngre. Det intressanta \u00e4r att dessa f\u00f6rb\u00e4ttringar kvarst\u00e5r i minst 6 m\u00e5nader! [&hellip;]<\/p>\n","protected":false},"author":1,"featured_media":0,"comment_status":"open","ping_status":"open","sticky":false,"template":"","format":"standard","meta":[],"categories":[705,676],"tags":[],"acf":[],"yoast_head":"<!-- This site is optimized with the Yoast SEO plugin v19.7.1 - https:\/\/yoast.com\/wordpress\/plugins\/seo\/ -->\n<title>Effekter p\u00e5 gikt<\/title>\n<meta name=\"description\" content=\"Detta \u00e4r mycket m\u00e4rkbart f\u00f6r latent giktsm\u00e4rta. Det hindrar inte gikten fr\u00e5n att komma tillbaka, men det begr\u00e4nsar dess inverkan \u00f6ver tid.\" \/>\n<meta name=\"robots\" content=\"index, follow, max-snippet:-1, max-image-preview:large, max-video-preview:-1\" \/>\n<link rel=\"canonical\" href=\"https:\/\/www.echlorial.se\/blog\/astaxanthin-smarta-i-munhalan\/\" \/>\n<meta property=\"og:locale\" content=\"sv_SE\" \/>\n<meta property=\"og:type\" content=\"article\" \/>\n<meta property=\"og:title\" content=\"Effekter p\u00e5 gikt\" \/>\n<meta property=\"og:description\" content=\"Detta \u00e4r mycket m\u00e4rkbart f\u00f6r latent giktsm\u00e4rta. Det hindrar inte gikten fr\u00e5n att komma tillbaka, men det begr\u00e4nsar dess inverkan \u00f6ver tid.\" \/>\n<meta property=\"og:url\" content=\"https:\/\/www.echlorial.se\/blog\/astaxanthin-smarta-i-munhalan\/\" \/>\n<meta property=\"og:site_name\" content=\"eChlorial\" \/>\n<meta property=\"article:published_time\" content=\"2026-03-03T09:22:45+00:00\" \/>\n<meta name=\"author\" content=\"admin_echlorial\" \/>\n<meta name=\"twitter:label1\" content=\"Skriven av\" \/>\n\t<meta name=\"twitter:data1\" content=\"admin_echlorial\" \/>\n\t<meta name=\"twitter:label2\" content=\"Ber\u00e4knad l\u00e4stid\" \/>\n\t<meta name=\"twitter:data2\" content=\"1 minut\" \/>\n<script type=\"application\/ld+json\" class=\"yoast-schema-graph\">{\"@context\":\"https:\/\/schema.org\",\"@graph\":[{\"@type\":\"WebPage\",\"@id\":\"https:\/\/www.echlorial.se\/blog\/astaxanthin-smarta-i-munhalan\/\",\"url\":\"https:\/\/www.echlorial.se\/blog\/astaxanthin-smarta-i-munhalan\/\",\"name\":\"Effekter p\u00e5 gikt\",\"isPartOf\":{\"@id\":\"https:\/\/www.echlorial.fr\/blog\/#website\"},\"datePublished\":\"2026-03-03T09:22:45+00:00\",\"dateModified\":\"2026-03-03T09:22:45+00:00\",\"author\":{\"@id\":\"https:\/\/www.echlorial.fr\/blog\/#\/schema\/person\/0e76c63d04141dd4ae797ce19887e7a6\"},\"description\":\"Detta \u00e4r mycket m\u00e4rkbart f\u00f6r latent giktsm\u00e4rta. Det hindrar inte gikten fr\u00e5n att komma tillbaka, men det begr\u00e4nsar dess inverkan \u00f6ver tid.\",\"breadcrumb\":{\"@id\":\"https:\/\/www.echlorial.se\/blog\/astaxanthin-smarta-i-munhalan\/#breadcrumb\"},\"inLanguage\":\"sv-SE\",\"potentialAction\":[{\"@type\":\"ReadAction\",\"target\":[\"https:\/\/www.echlorial.se\/blog\/astaxanthin-smarta-i-munhalan\/\"]}]},{\"@type\":\"BreadcrumbList\",\"@id\":\"https:\/\/www.echlorial.se\/blog\/astaxanthin-smarta-i-munhalan\/#breadcrumb\",\"itemListElement\":[{\"@type\":\"ListItem\",\"position\":1,\"name\":\"Hem\",\"item\":\"https:\/\/www.echlorial.se\/\"},{\"@type\":\"ListItem\",\"position\":2,\"name\":\"Vittnesm\u00e5l\",\"item\":\"https:\/\/www.echlorial.se\/blog\/category\/temoignages-sv\/\"},{\"@type\":\"ListItem\",\"position\":3,\"name\":\"Astaxanthin T.\",\"item\":\"https:\/\/www.echlorial.se\/blog\/category\/temoignages-sv\/astaxanthin-sv-68e539d9a8db0\/\"},{\"@type\":\"ListItem\",\"position\":4,\"name\":\"Effekter p\u00e5 gikt\"}]},{\"@type\":\"WebSite\",\"@id\":\"https:\/\/www.echlorial.fr\/blog\/#website\",\"url\":\"https:\/\/www.echlorial.fr\/blog\/\",\"name\":\"eChlorial\",\"description\":\"Chlorella extra pure cultiv\u00e9e sous tube de verre en Allemagne\",\"potentialAction\":[{\"@type\":\"SearchAction\",\"target\":{\"@type\":\"EntryPoint\",\"urlTemplate\":\"https:\/\/www.echlorial.fr\/blog\/?s={search_term_string}\"},\"query-input\":\"required name=search_term_string\"}],\"inLanguage\":\"sv-SE\"},{\"@type\":\"Person\",\"@id\":\"https:\/\/www.echlorial.fr\/blog\/#\/schema\/person\/0e76c63d04141dd4ae797ce19887e7a6\",\"name\":\"admin_echlorial\",\"sameAs\":[\"http:\/\/www.echlorial.fr\"],\"url\":\"https:\/\/www.echlorial.se\/blog\/author\/admin_echlorial\/\"}]}<\/script>\n<!-- \/ Yoast SEO plugin. -->","yoast_head_json":{"title":"Effekter p\u00e5 gikt","description":"Detta \u00e4r mycket m\u00e4rkbart f\u00f6r latent giktsm\u00e4rta. Det hindrar inte gikten fr\u00e5n att komma tillbaka, men det begr\u00e4nsar dess inverkan \u00f6ver tid.","robots":{"index":"index","follow":"follow","max-snippet":"max-snippet:-1","max-image-preview":"max-image-preview:large","max-video-preview":"max-video-preview:-1"},"canonical":"https:\/\/www.echlorial.se\/blog\/astaxanthin-smarta-i-munhalan\/","og_locale":"sv_SE","og_type":"article","og_title":"Effekter p\u00e5 gikt","og_description":"Detta \u00e4r mycket m\u00e4rkbart f\u00f6r latent giktsm\u00e4rta. Det hindrar inte gikten fr\u00e5n att komma tillbaka, men det begr\u00e4nsar dess inverkan \u00f6ver tid.","og_url":"https:\/\/www.echlorial.se\/blog\/astaxanthin-smarta-i-munhalan\/","og_site_name":"eChlorial","article_published_time":"2026-03-03T09:22:45+00:00","author":"admin_echlorial","twitter_misc":{"Skriven av":"admin_echlorial","Ber\u00e4knad l\u00e4stid":"1 minut"},"schema":{"@context":"https:\/\/schema.org","@graph":[{"@type":"WebPage","@id":"https:\/\/www.echlorial.se\/blog\/astaxanthin-smarta-i-munhalan\/","url":"https:\/\/www.echlorial.se\/blog\/astaxanthin-smarta-i-munhalan\/","name":"Effekter p\u00e5 gikt","isPartOf":{"@id":"https:\/\/www.echlorial.fr\/blog\/#website"},"datePublished":"2026-03-03T09:22:45+00:00","dateModified":"2026-03-03T09:22:45+00:00","author":{"@id":"https:\/\/www.echlorial.fr\/blog\/#\/schema\/person\/0e76c63d04141dd4ae797ce19887e7a6"},"description":"Detta \u00e4r mycket m\u00e4rkbart f\u00f6r latent giktsm\u00e4rta. Det hindrar inte gikten fr\u00e5n att komma tillbaka, men det begr\u00e4nsar dess inverkan \u00f6ver tid.","breadcrumb":{"@id":"https:\/\/www.echlorial.se\/blog\/astaxanthin-smarta-i-munhalan\/#breadcrumb"},"inLanguage":"sv-SE","potentialAction":[{"@type":"ReadAction","target":["https:\/\/www.echlorial.se\/blog\/astaxanthin-smarta-i-munhalan\/"]}]},{"@type":"BreadcrumbList","@id":"https:\/\/www.echlorial.se\/blog\/astaxanthin-smarta-i-munhalan\/#breadcrumb","itemListElement":[{"@type":"ListItem","position":1,"name":"Hem","item":"https:\/\/www.echlorial.se\/"},{"@type":"ListItem","position":2,"name":"Vittnesm\u00e5l","item":"https:\/\/www.echlorial.se\/blog\/category\/temoignages-sv\/"},{"@type":"ListItem","position":3,"name":"Astaxanthin T.","item":"https:\/\/www.echlorial.se\/blog\/category\/temoignages-sv\/astaxanthin-sv-68e539d9a8db0\/"},{"@type":"ListItem","position":4,"name":"Effekter p\u00e5 gikt"}]},{"@type":"WebSite","@id":"https:\/\/www.echlorial.fr\/blog\/#website","url":"https:\/\/www.echlorial.fr\/blog\/","name":"eChlorial","description":"Chlorella extra pure cultiv\u00e9e sous tube de verre en Allemagne","potentialAction":[{"@type":"SearchAction","target":{"@type":"EntryPoint","urlTemplate":"https:\/\/www.echlorial.fr\/blog\/?s={search_term_string}"},"query-input":"required name=search_term_string"}],"inLanguage":"sv-SE"},{"@type":"Person","@id":"https:\/\/www.echlorial.fr\/blog\/#\/schema\/person\/0e76c63d04141dd4ae797ce19887e7a6","name":"admin_echlorial","sameAs":["http:\/\/www.echlorial.fr"],"url":"https:\/\/www.echlorial.se\/blog\/author\/admin_echlorial\/"}]}},"_links":{"self":[{"href":"https:\/\/www.echlorial.se\/blog\/wp-json\/wp\/v2\/posts\/12230"}],"collection":[{"href":"https:\/\/www.echlorial.se\/blog\/wp-json\/wp\/v2\/posts"}],"about":[{"href":"https:\/\/www.echlorial.se\/blog\/wp-json\/wp\/v2\/types\/post"}],"author":[{"embeddable":true,"href":"https:\/\/www.echlorial.se\/blog\/wp-json\/wp\/v2\/users\/1"}],"replies":[{"embeddable":true,"href":"https:\/\/www.echlorial.se\/blog\/wp-json\/wp\/v2\/comments?post=12230"}],"version-history":[{"count":0,"href":"https:\/\/www.echlorial.se\/blog\/wp-json\/wp\/v2\/posts\/12230\/revisions"}],"wp:attachment":[{"href":"https:\/\/www.echlorial.se\/blog\/wp-json\/wp\/v2\/media?parent=12230"}],"wp:term":[{"taxonomy":"category","embeddable":true,"href":"https:\/\/www.echlorial.se\/blog\/wp-json\/wp\/v2\/categories?post=12230"},{"taxonomy":"post_tag","embeddable":true,"href":"https:\/\/www.echlorial.se\/blog\/wp-json\/wp\/v2\/tags?post=12230"}],"curies":[{"name":"wp","href":"https:\/\/api.w.org\/{rel}","templated":true}]}}